{"id":71836,"date":"2024-09-05T15:13:50","date_gmt":"2024-09-05T13:13:50","guid":{"rendered":"https:\/\/staging.garvanacoustic.com\/?p=71836"},"modified":"2024-09-05T15:47:11","modified_gmt":"2024-09-05T13:47:11","slug":"panneaux-de-plafond-acoustiques","status":"publish","type":"post","link":"https:\/\/staging.garvanacoustic.com\/fr\/panneaux-acoustiques\/panneaux-de-plafond-acoustiques\/","title":{"rendered":"PANNEAUX DE PLAFOND ACOUSTIQUES"},"content":{"rendered":"<section class=\"no-padding sm-no-padding xs-no-padding\"><div class=\"container\"><div class=\"row\"><div class=\"wpb_column hcode-column-container vc_col-sm-12 col-xs-mobile-fullwidth\" data-front-class=\"col-xs-mobile-fullwidth\"><div class=\"vc-column-innner-wrapper\">[vc_wp_text]\r\n<h1>PANNEAUX ACOUSTIQUES POUR PLAFONDS : LE GUIDE COMPLET<\/h1>\r\n[\/vc_wp_text][vc_single_image image=\"36973\" img_size=\"full\" alignment=\"center\"]<\/div><\/div><\/div><\/div><\/section><section class=\"padding-two sm-padding-two xs-padding-two\"><div class=\"container\"><div class=\"row\"><div class=\"wpb_column hcode-column-container vc_col-sm-12 col-xs-mobile-fullwidth\" data-front-class=\"col-xs-mobile-fullwidth\"><div class=\"vc-column-innner-wrapper\">[vc_wp_text]\r\n<h3 style=\"font-size: 18px;\">TABLE DES MATI\u00c8RES<\/h3>\r\n<ul>\r\n \t<li><a href=\"#riverbero\"><strong>Qu'est-ce que la r\u00e9verb\u00e9ration et le temps de r\u00e9verb\u00e9ration ?<\/strong><\/a><\/li>\r\n \t<li><a href=\"#correzione\"><strong>Diff\u00e9rences entre la correction acoustique et l'isolation acoustique<\/strong><\/a><\/li>\r\n \t<li><a href=\"#cosa-sono\"><strong>Qu'est-ce qu'un panneau de plafond acoustique ?<\/strong><\/a><\/li>\r\n \t<li><a href=\"#scegliere\"><strong>Pourquoi choisir des panneaux de plafond acoustiques ?<\/strong><\/a><\/li>\r\n \t<li><a href=\"#tipi\"><strong>Types de panneaux de plafond acoustique <\/strong><\/a><\/li>\r\n \t<li><a href=\"#quando\"><strong>Quand utiliser les panneaux de plafond ? <\/strong><\/a><\/li>\r\n \t<li><a href=\"#come-scegliere\"><strong>Comment choisir les panneaux d'insonorisation <\/strong><\/a><\/li>\r\n \t<li><a href=\"#configuratore\"><strong>Configurateur <\/strong><\/a><\/li>\r\n \t<li><a href=\"#faq\"><strong>F.A.Q. <\/strong><\/a><\/li>\r\n<\/ul>\r\n[\/vc_wp_text]<\/div><\/div><\/div><\/div><\/section><section id=\"riverbero\" class=\"no-padding sm-no-padding xs-no-padding margin-0auto sm-margin-0auto xs-margin-0auto\"><div class=\"container\"><div class=\"row\"><div class=\"wpb_column hcode-column-container vc_col-sm-12 col-xs-mobile-fullwidth\" data-front-class=\"col-xs-mobile-fullwidth\"><div class=\"vc-column-innner-wrapper\">[vc_wp_text]<strong>L'acoustique<\/strong> d'une <strong>pi\u00e8ce<\/strong> a un impact crucial sur la qualit\u00e9 de vie et le bien-\u00eatre des personnes qui s'y trouvent. C'est pourquoi les <strong>dalles de<\/strong> <strong>plafond<\/strong> <strong>acoustiques<\/strong> sont une <strong>solution efficace<\/strong> pour r\u00e9duire la <strong>r\u00e9verb\u00e9ration<\/strong> et am\u00e9liorer la qualit\u00e9 du <strong>son<\/strong>.\r\nQue ce soit dans des <strong>bureaux \u00e0 aire ouverte<\/strong>, des <strong>salles de conf\u00e9rence<\/strong> ou des <strong>espaces domestiques<\/strong>, l'installation de <strong>panneaux acoustiques<\/strong> peut faire une diff\u00e9rence significative en termes de <strong>confort acoustique<\/strong>. <strong>Garvan Acoustic<\/strong> propose une gamme de dalles de plafond acoustiques qui associent l'excellence de la <strong>fabrication italienne<\/strong> \u00e0 des <strong>fonctionnalit\u00e9s acoustiques avanc\u00e9es<\/strong>. Dans ce guide, vous d\u00e9couvrirez ce qu'elles sont, pourquoi vous devriez les choisir et comment utiliser le <strong>configurateur de traitement acoustique<\/strong> pour concevoir votre <strong>solution personnalis\u00e9e<\/strong>. <strong>Avant de vous pr\u00e9senter ces solutions, nous pensons qu'il est important de conna\u00eetre la diff\u00e9rence ou la signification exacte de certains termes<\/strong>.\r\nUne meilleure compr\u00e9hension de ces concepts vous aidera \u00e0 saisir l'importance de la correction acoustique dans les environnements que nous fr\u00e9quentons tous les jours.\r\n<h2>QU'EST-CE QUE LA R\u00c9VERB\u00c9RATION ET LE TEMPS DE R\u00c9VERB\u00c9RATION ?<\/h2>\r\nLa <strong>r\u00e9verb\u00e9ration<\/strong> est le ph\u00e9nom\u00e8ne qui se produit lorsque <strong>le son<\/strong>, apr\u00e8s avoir \u00e9t\u00e9 \u00e9mis, continue de se refl\u00e9ter sur les surfaces d'une pi\u00e8ce avant de s'estomper compl\u00e8tement.\r\nCes <strong>r\u00e9flexions multiples<\/strong> cr\u00e9ent un<strong>\"effet d'\u00e9cho<\/strong>\" qui peut rendre difficile la compr\u00e9hension des mots ou l'\u00e9coute de la musique.\r\nLe <strong>temps de r\u00e9verb\u00e9ration<\/strong> est une mesure du temps n\u00e9cessaire pour que le son diminue de <strong>60 d\u00e9cibels<\/strong> apr\u00e8s que la <strong>source sonore<\/strong> a \u00e9t\u00e9 interrompue.\r\nEn pratique, un <strong>temps de r\u00e9verb\u00e9ration<\/strong> plus long signifie que le son reste plus longtemps dans la pi\u00e8ce, tandis qu'un temps de r\u00e9verb\u00e9ration court indique que le son se dissipe plus rapidement.\r\nUn <strong>bon contr\u00f4le de la<\/strong> <strong>r\u00e9verb\u00e9ration<\/strong> est essentiel pour am\u00e9liorer la <strong>clart\u00e9 du son<\/strong> dans des espaces tels que les <strong>bureaux<\/strong>, les <strong>salles de conf\u00e9rence<\/strong> ou les <strong>th\u00e9\u00e2tres<\/strong>.[\/vc_wp_text]<\/div><\/div><\/div><\/div><\/section><section id=\"correzione\" class=\"no-padding sm-no-padding xs-no-padding margin-0auto sm-margin-0auto xs-margin-0auto\"><div class=\"container\"><div class=\"row\"><div class=\"wpb_column hcode-column-container vc_col-sm-12 col-xs-mobile-fullwidth\" data-front-class=\"col-xs-mobile-fullwidth\"><div class=\"vc-column-innner-wrapper\">[vc_wp_text]\r\n<h2>DIFF\u00c9RENCES ENTRE LA CORRECTION ACOUSTIQUE ET L'ISOLATION ACOUSTIQUE<\/h2>\r\nIl y a souvent une confusion entre la <strong>correction acoustique<\/strong> et l'<strong>isolation phonique<\/strong>, mais les deux concepts sont tr\u00e8s diff\u00e9rents.\r\nLa <strong>correction acoustique<\/strong> consiste \u00e0 am\u00e9liorer la <strong>qualit\u00e9 du son<\/strong> dans un espace en contr\u00f4lant des \u00e9l\u00e9ments tels que la <strong>r\u00e9verb\u00e9ration<\/strong> et l'<strong>absorption du son<\/strong> afin de rendre l'environnement plus confortable sur le plan sonore.\r\nCela peut se faire par l'utilisation de <strong>panneaux absorbants<\/strong>, de tapis, de rideaux et d'autres mat\u00e9riaux qui influencent la propagation du <strong>son<\/strong>.\r\nL'<strong>isolation acoustique<\/strong>, quant \u00e0 elle, vise \u00e0 <strong>emp\u00eacher la<\/strong> <strong>transmission du son<\/strong> entre diff\u00e9rentes pi\u00e8ces, \u00e0 emp\u00eacher les <strong>bruits ext\u00e9rieurs<\/strong> de p\u00e9n\u00e9trer dans une pi\u00e8ce ou les <strong>sons<\/strong> produits \u00e0 l'int\u00e9rieur d'une pi\u00e8ce de sortir et de perturber d'autres espaces. Ils impliquent l'utilisation de <strong>mat\u00e9riaux<\/strong> et de techniques sp\u00e9cifiques pour cr\u00e9er des <strong>barri\u00e8res physiques<\/strong> qui bloquent le passage des <strong>ondes sonores<\/strong>.\r\nCes notions \u00e9tant claires, nous sommes pr\u00eats \u00e0 examiner comment les <strong>panneaux de<\/strong> <strong>plafond<\/strong> <strong>absorbant le son<\/strong> peuvent am\u00e9liorer consid\u00e9rablement la <strong>qualit\u00e9 sonore d'<\/strong> une pi\u00e8ce et pourquoi ils constituent un excellent choix pour diff\u00e9rents types d'espaces.[\/vc_wp_text]<\/div><\/div><\/div><\/div><\/section><section id=\"cosa-sono\" class=\"row-equal-height row-content-middle padding-two sm-padding-two xs-padding-two\"><div class=\"container\"><div class=\"row hcode-row-flex\"><div class=\"wpb_column hcode-column-container vc_col-sm-12 col-xs-mobile-fullwidth\" data-front-class=\"col-xs-mobile-fullwidth\"><div class=\"vc-column-innner-wrapper\">[vc_wp_text]\r\n<h2>QU'EST-CE QU'UN PANNEAU DE PLAFOND ACOUSTIQUE ?<\/h2>\r\n[\/vc_wp_text]<\/div><\/div><div class=\"wpb_column hcode-column-container vc_col-sm-8 col-xs-mobile-fullwidth\" data-front-class=\"col-xs-mobile-fullwidth\"><div class=\"vc-column-innner-wrapper\">[vc_wp_text]Les <strong>panneaux absorbants<\/strong> sont des dispositifs con\u00e7us pour absorber l'\u00e9nergie acoustique et r\u00e9duire la r\u00e9flexion du son dans une pi\u00e8ce.\r\nDans les pi\u00e8ces \u00e0 surfaces dures, comme les bureaux ou les restaurants, le son a tendance \u00e0 rebondir, ce qui g\u00e9n\u00e8re une r\u00e9verb\u00e9ration g\u00eanante.\r\nLes panneaux mont\u00e9s au plafond permettent de r\u00e9soudre ce probl\u00e8me, en am\u00e9liorant consid\u00e9rablement la qualit\u00e9 du son et en r\u00e9duisant les bruits de fond.[\/vc_wp_text]<\/div><\/div><div class=\"wpb_column hcode-column-container vc_col-sm-4 col-xs-mobile-fullwidth\" data-front-class=\"col-xs-mobile-fullwidth\"><div class=\"vc-column-innner-wrapper\">[vc_single_image image=\"51509\" img_size=\"medium\" alignment=\"center\"]<\/div><\/div><div class=\"wpb_column hcode-column-container vc_col-sm-12 col-xs-mobile-fullwidth\" data-front-class=\"col-xs-mobile-fullwidth\"><div class=\"vc-column-innner-wrapper\">[vc_wp_text]Parmi les solutions les plus innovantes propos\u00e9es par Garvan Acoustic figurent les panneaux de la collection <strong>SURFACE\u00ae<\/strong> et <strong>MICROBAFFLE\u00ae<\/strong>, qui allient technologie et design pour un excellent r\u00e9sultat en termes d'esth\u00e9tique et de fonctionnalit\u00e9. <strong>SURFACE\u00ae<\/strong>, par exemple, est un panneau aux formes \u00e9pur\u00e9es et modernes, r\u00e9alis\u00e9 avec des finitions en <strong>Materica\u2122<\/strong>, qui offre de nombreuses possibilit\u00e9s de personnalisation en termes de dimensions et de mat\u00e9riaux.\r\nId\u00e9al pour les bureaux ou les espaces publics, ce panneau peut \u00eatre install\u00e9 de diff\u00e9rentes mani\u00e8res, notamment en plafond suspendu 4 points ou 1 point, coll\u00e9 et magn\u00e9tique. <strong>Microbaffle\u2122 <\/strong>est compos\u00e9 d'\u00e9l\u00e9ments de plafond qui croisent la fibre, le tissu et le bois.\r\nLa succession des lignes sur le panneau cr\u00e9e une scansion rythmique, presque musicale.\r\nLes panneaux acoustiques sont disponibles en 6 finitions diff\u00e9rentes combinant la fibre polyester, le tissu, le bois et l'effet b\u00e9ton unique.\r\n\r\n[\/vc_wp_text]<\/div><\/div><\/div><\/div><\/section><section id=\"scegliere\" class=\"padding-two sm-padding-two xs-padding-two\"><div class=\"container\"><div class=\"row\"><div class=\"wpb_column hcode-column-container vc_col-sm-12 col-xs-mobile-fullwidth\" data-front-class=\"col-xs-mobile-fullwidth\"><div class=\"vc-column-innner-wrapper\">[vc_wp_text]\r\n<h2>POURQUOI CHOISIR DES PANNEAUX DE PLAFOND ACOUSTIQUES<\/h2>\r\nL'installation de panneaux acoustiques au plafond permet non seulement d'am\u00e9liorer la qualit\u00e9 sonore d'une pi\u00e8ce, mais aussi d'y ajouter une touche de design raffin\u00e9.\r\nLes panneaux acoustiques Garvan offrent de nombreux avantages :\r\n<ul>\r\n \t<li style=\"list-style-type: none;\">\r\n<ul>\r\n \t<li><strong>R\u00e9duction de la r\u00e9verb\u00e9ration<\/strong>: am\u00e9liore la qualit\u00e9 du son et la compr\u00e9hension de la parole ; gr\u00e2ce \u00e0 leur grande capacit\u00e9 d'absorption du son, ces panneaux offrent un environnement plus confortable, exempt de bruits g\u00eanants.<\/li>\r\n \t<li><strong>Esth\u00e9tique et fonctionnalit\u00e9<\/strong>: Les finitions Materica\u2122 et fabric ECO\u2122 permettent une personnalisation esth\u00e9tique qui s'adapte parfaitement au contexte architectural de la pi\u00e8ce ; la qualit\u00e9 de l'artisanat et le design italien de Garvan se refl\u00e8tent dans chaque d\u00e9tail.<\/li>\r\n \t<li><strong>Modularit\u00e9 et personnalisation<\/strong>: Garvan propose des panneaux personnalisables dans diff\u00e9rentes formes, tailles et finitions.<\/li>\r\n \t<li><strong>Facilit\u00e9 d'installation<\/strong>: les panneaux sont disponibles en 4 points ou en 1 point, en montage coll\u00e9 ou magn\u00e9tique, ce qui rend l'installation simple et polyvalente.<\/li>\r\n<\/ul>\r\n<\/li>\r\n<\/ul>\r\nCes panneaux sont id\u00e9aux pour les environnements professionnels tels que les bureaux \u00e0 aire ouverte, o\u00f9 la r\u00e9duction des bruits de fond peut accro\u00eetre la productivit\u00e9, ou dans les restaurants, o\u00f9 une meilleure acoustique cr\u00e9e une exp\u00e9rience plus agr\u00e9able pour les clients.\r\nFabriqu\u00e9s en Italie, les produits Garvan Acoustic se distinguent par leur qualit\u00e9 de fabrication. Depuis 2005, Garvan Acoustic allie technologie et design pour offrir des solutions acoustiques de qualit\u00e9 sup\u00e9rieure.[\/vc_wp_text]<\/div><\/div><div class=\"wpb_column hcode-column-container vc_col-sm-8 col-xs-mobile-fullwidth\" data-front-class=\"col-xs-mobile-fullwidth\"><div class=\"vc-column-innner-wrapper\">[vc_single_image image=\"58580\" img_size=\"full\" alignment=\"center\"]<\/div><\/div><div class=\"wpb_column hcode-column-container vc_col-sm-4 col-xs-mobile-fullwidth\" data-front-class=\"col-xs-mobile-fullwidth\"><div class=\"vc-column-innner-wrapper\">[vc_single_image image=\"58705\" img_size=\"298x400\" alignment=\"center\"]<\/div><\/div><\/div><\/div><\/section><section id=\"tipi\" class=\"padding-two sm-padding-two xs-padding-two\"><div class=\"container\"><div class=\"row\"><div class=\"wpb_column hcode-column-container vc_col-sm-12 col-xs-mobile-fullwidth\" data-front-class=\"col-xs-mobile-fullwidth\"><div class=\"vc-column-innner-wrapper\">[vc_wp_text]\r\n<h2>TYPES DE PANNEAUX DE PLAFOND ACOUSTIQUE<\/h2>\r\n[\/vc_wp_text]<\/div><\/div><\/div><\/div><\/section><section id=\"posizionare\" class=\" vc_custom_1697795665011 padding-one-tb sm-padding-one-tb xs-padding-one-tb\"><div class=\"container\"><div class=\"row\"><div class=\"wpb_column hcode-column-container vc_col-sm-6 col-xs-mobile-fullwidth\" data-front-class=\"col-xs-mobile-fullwidth\"><div class=\"vc-column-innner-wrapper\">[vc_wp_text]\r\n<h3><span style=\"color: #000000;\"><a style=\"color: #000000;\" href=\"https:\/\/staging.garvanacoustic.com\/fr\/produit\/acoustic-parquet-panneaux-insonorisants\/\">Acoustique<\/a><a style=\"color: #000000;\" href=\"https:\/\/staging.garvanacoustic.com\/fr\/produit\/acoustic-parquet-panneaux-insonorisants\/\"> P<\/a><a style=\"color: #000000;\" href=\"https:\/\/staging.garvanacoustic.com\/fr\/produit\/acoustic-parquet-panneaux-insonorisants\/\">arquet\u2122<\/a><\/span><\/h3>\r\nLes panneaux <strong>Acoustic Parquet\u2122<\/strong> combinent une absorption acoustique efficace avec un aspect parquet.\r\nIls sont disponibles dans diff\u00e9rents formats et finitions, notamment la <strong>finition Materica Cement\u2122<\/strong> qui recr\u00e9e l'effet b\u00e9ton, ou des tissus sophistiqu\u00e9s. <strong>Ces panneaux r\u00e9duisent le bruit<\/strong> et la r\u00e9verb\u00e9ration, favorisant une communication plus claire dans les espaces clos.[\/vc_wp_text][vc_wp_text]\r\n<p style=\"background: #F2CF7E; border-radius: 20px; padding: 15px 32px; display: inline-block; margin: 4px 2px;\"><span style=\"color: #000000;\"><strong><a style=\"color: #000000;\" href=\"https:\/\/staging.garvanacoustic.com\/fr\/produit\/acoustic-parquet-panneaux-insonorisants\/\" target=\"_blank\" rel=\"noopener\">D\u00c9COUVREZ LE PRODUIT \u203a<\/a><\/strong><\/span><\/p>\r\n[\/vc_wp_text]<div class=\"hcode-space  margin-one-all sm-margin-one-all xs-margin-one-all\"><\/div><\/div><\/div><div class=\"wpb_column hcode-column-container vc_col-sm-6 col-xs-mobile-fullwidth\" data-front-class=\"col-xs-mobile-fullwidth\"><div class=\"vc-column-innner-wrapper\"><div class=\"hcode-space  margin-one-all sm-margin-one-all xs-margin-one-all\"><\/div>[vc_single_image image=\"36959\" img_size=\"medium\" alignment=\"center\"]<div class=\"hcode-space  margin-one-all sm-margin-one-all xs-margin-one-all\"><\/div><\/div><\/div><\/div><\/div><\/section><section class=\"padding-three sm-padding-three xs-padding-three\"><div class=\"container\"><div class=\"row\"><div class=\"wpb_column hcode-column-container vc_col-sm-12 col-xs-mobile-fullwidth\" data-front-class=\"col-xs-mobile-fullwidth\"><div class=\"vc-column-innner-wrapper\"><div class=\"hcode-divider \" style=\"border-top: 30px;\"><\/div><\/div><\/div><\/div><\/div><\/section><section id=\"posizionare\" class=\"padding-one-tb sm-padding-one-tb xs-padding-one-tb\"><div class=\"container\"><div class=\"row\"><div class=\"wpb_column hcode-column-container vc_col-sm-6 col-xs-mobile-fullwidth\" data-front-class=\"col-xs-mobile-fullwidth\"><div class=\"vc-column-innner-wrapper\">[vc_wp_text]\r\n<h3><span style=\"color: #000000;\"><a style=\"color: #000000;\" href=\"https:\/\/staging.garvanacoustic.com\/fr\/produit\/atelier-panneau-insonorisant\/\">Atelier\u2122<\/a><\/span><\/h3>\r\nLa collection <strong>Atelier\u2122<\/strong> se distingue par son <strong>approche sartoriale<\/strong>: chaque panneau est fabriqu\u00e9 sur mesure et recouvert de tissus qui recouvrent \u00e9galement les bords.\r\nElle est ainsi particuli\u00e8rement adapt\u00e9e aux projets de <strong>d\u00e9coration d'int\u00e9rieur<\/strong>.\r\nLa ligne <a href=\"https:\/\/staging.garvanacoustic.com\/fr\/produit\/panneau-phonique-cinematelier\/\">CinemAtelier\u2122<\/a>, en particulier, associe les qualit\u00e9s acoustiques \u00e0 l'excellence des enceintes Garvan, cr\u00e9ant ainsi une exp\u00e9rience visuelle et sonore unique.[\/vc_wp_text][vc_wp_text]\r\n<p style=\"background: #F2CF7E; border-radius: 20px; padding: 15px 32px; display: inline-block; margin: 4px 2px;\"><span style=\"color: #000000;\"><strong><a style=\"color: #000000;\" href=\"https:\/\/staging.garvanacoustic.com\/fr\/produit\/atelier-panneau-insonorisant\/\" target=\"_blank\" rel=\"noopener\">D\u00c9COUVREZ LE PRODUIT \u203a<\/a><\/strong><\/span><\/p>\r\n[\/vc_wp_text]<div class=\"hcode-space  margin-one-all sm-margin-one-all xs-margin-one-all\"><\/div><\/div><\/div><div class=\"wpb_column hcode-column-container vc_col-sm-6 col-xs-mobile-fullwidth\" data-front-class=\"col-xs-mobile-fullwidth\"><div class=\"vc-column-innner-wrapper\"><div class=\"hcode-space  margin-one-all sm-margin-one-all xs-margin-one-all\"><\/div>[vc_single_image image=\"49220\" img_size=\"medium\" alignment=\"center\"]<div class=\"hcode-space  margin-one-all sm-margin-one-all xs-margin-one-all\"><\/div><\/div><\/div><\/div><\/div><\/section><section class=\"padding-three sm-padding-three xs-padding-three\"><div class=\"container\"><div class=\"row\"><div class=\"wpb_column hcode-column-container vc_col-sm-12 col-xs-mobile-fullwidth\" data-front-class=\"col-xs-mobile-fullwidth\"><div class=\"vc-column-innner-wrapper\"><div class=\"hcode-divider \" style=\"border-top: 30px;\"><\/div><\/div><\/div><\/div><\/div><\/section><section id=\"posizionare\" class=\" vc_custom_1697795730530 padding-one-tb sm-padding-one-tb xs-padding-one-tb\"><div class=\"container\"><div class=\"row\"><div class=\"wpb_column hcode-column-container vc_col-sm-6 col-xs-mobile-fullwidth\" data-front-class=\"col-xs-mobile-fullwidth\"><div class=\"vc-column-innner-wrapper\">[vc_wp_text]\r\n<h3><span style=\"color: #000000;\"><a style=\"color: #000000;\" href=\"https:\/\/staging.garvanacoustic.com\/fr\/produit\/panneaux-acoustiques-microbaffle\/\">Microbaffle\u2122<\/a><\/span><\/h3>\r\n<strong>Microbaffle\u2122<\/strong> est une solution moderne qui rappelle le style des plafonds \u00e0 poutres en bois.\r\nLes panneaux sont fabriqu\u00e9s \u00e0 partir d'une combinaison de fibres de polyester, de tissu et de bois, et offrent une gamme de finitions allant de l'effet b\u00e9ton au bois naturel.\r\nCes panneaux am\u00e9liorent la qualit\u00e9 sonore et r\u00e9duisent le bruit, ce qui est id\u00e9al pour les grands espaces.[\/vc_wp_text][vc_wp_text]\r\n<p style=\"background: #F2CF7E; border-radius: 20px; padding: 15px 32px; display: inline-block; margin: 4px 2px;\"><span style=\"color: #000000;\"><strong><a style=\"color: #000000;\" href=\"https:\/\/staging.garvanacoustic.com\/fr\/produit\/panneaux-acoustiques-microbaffle\/\" target=\"_blank\" rel=\"noopener\">D\u00c9COUVREZ LE PRODUIT \u203a<\/a><\/strong><\/span><\/p>\r\n[\/vc_wp_text]<div class=\"hcode-space  margin-one-all sm-margin-one-all xs-margin-one-all\"><\/div><\/div><\/div><div class=\"wpb_column hcode-column-container vc_col-sm-6 col-xs-mobile-fullwidth\" data-front-class=\"col-xs-mobile-fullwidth\"><div class=\"vc-column-innner-wrapper\"><div class=\"hcode-space  margin-one-all sm-margin-one-all xs-margin-one-all\"><\/div>[vc_single_image image=\"34260\" img_size=\"medium\" alignment=\"center\"]<div class=\"hcode-space  margin-one-all sm-margin-one-all xs-margin-one-all\"><\/div><\/div><\/div><\/div><\/div><\/section><section class=\"padding-three sm-padding-three xs-padding-three\"><div class=\"container\"><div class=\"row\"><div class=\"wpb_column hcode-column-container vc_col-sm-12 col-xs-mobile-fullwidth\" data-front-class=\"col-xs-mobile-fullwidth\"><div class=\"vc-column-innner-wrapper\"><div class=\"hcode-divider \" style=\"border-top: 30px;\"><\/div><\/div><\/div><\/div><\/div><\/section><section id=\"posizionare\" class=\" vc_custom_1725271757641 padding-one-tb sm-padding-one-tb xs-padding-one-tb\"><div class=\"container\"><div class=\"row\"><div class=\"wpb_column hcode-column-container vc_col-sm-6 col-xs-mobile-fullwidth\" data-front-class=\"col-xs-mobile-fullwidth\"><div class=\"vc-column-innner-wrapper\">[vc_wp_text]\r\n<h3><span style=\"color: #000000;\"><a style=\"color: #000000;\" href=\"https:\/\/staging.garvanacoustic.com\/fr\/produit\/panneau-acoustique-surface\/\">Surface\u2122<\/a><\/span><\/h3>\r\n<strong>Surface\u2122<\/strong> est un panneau insonorisant inspir\u00e9 des grandes dalles utilis\u00e9es dans la construction.\r\nIl est id\u00e9al pour ceux qui recherchent <strong>une exp\u00e9rience tactile et visuelle unique<\/strong>, gr\u00e2ce \u00e0 sa <strong>finition textur\u00e9e CEMENT\u2122<\/strong>, qui imite l'effet du b\u00e9ton.\r\nCe panneau est con\u00e7u pour allier <strong>efficacit\u00e9 acoustique<\/strong> et design, sans compromettre sa capacit\u00e9 d'absorption acoustique.\r\nEn outre, <strong>Surface\u2122<\/strong> est disponible dans diff\u00e9rentes couleurs personnalis\u00e9es et peut \u00eatre imprim\u00e9 avec des graphiques haute r\u00e9solution ou recouvert de tissu, offrant ainsi une solution personnalisable pour tout type d'environnement.[\/vc_wp_text][vc_wp_text]\r\n<p style=\"background: #F2CF7E; border-radius: 20px; padding: 15px 32px; display: inline-block; margin: 4px 2px;\"><span style=\"color: #000000;\"><strong><a style=\"color: #000000;\" href=\"https:\/\/staging.garvanacoustic.com\/fr\/produit\/panneau-acoustique-surface\/\" target=\"_blank\" rel=\"noopener\">D\u00c9COUVREZ LE PRODUIT \u203a<\/a><\/strong><\/span><\/p>\r\n[\/vc_wp_text]<div class=\"hcode-space  margin-one-all sm-margin-one-all xs-margin-one-all\"><\/div><\/div><\/div><div class=\"wpb_column hcode-column-container vc_col-sm-6 col-xs-mobile-fullwidth\" data-front-class=\"col-xs-mobile-fullwidth\"><div class=\"vc-column-innner-wrapper\"><div class=\"hcode-space  margin-one-all sm-margin-one-all xs-margin-one-all\"><\/div>[vc_single_image image=\"33080\" img_size=\"medium\" alignment=\"center\"]<div class=\"hcode-space  margin-one-all sm-margin-one-all xs-margin-one-all\"><\/div><\/div><\/div><\/div><\/div><\/section><section id=\"quando\" class=\"padding-two sm-padding-two xs-padding-two\"><div class=\"container\"><div class=\"row\"><div class=\"wpb_column hcode-column-container vc_col-sm-12 col-xs-mobile-fullwidth\" data-front-class=\"col-xs-mobile-fullwidth\"><div class=\"vc-column-innner-wrapper\">[vc_wp_text]\r\n<h2>QUAND UTILISER LES ABSORBEURS DE PLAFOND<\/h2>\r\nLes <strong>panneaux absorbant le son<\/strong> sont particuli\u00e8rement utiles dans les environnements o\u00f9 il y a une r\u00e9flexion excessive du son, comme par exemple :\r\n<ul>\r\n \t<li><strong>Bureaux<\/strong>: les environnements de travail ouverts b\u00e9n\u00e9ficient grandement des panneaux insonorisants, qui r\u00e9duisent les bruits de fond et am\u00e9liorent la concentration.\r\nLa collection SURFACE\u00ae offre des solutions modulaires qui s'adaptent parfaitement aux espaces flexibles.<\/li>\r\n \t<li><strong>Salles de conf\u00e9rence<\/strong>: Optimise la clart\u00e9 de la voix lors des pr\u00e9sentations.<\/li>\r\n \t<li><strong>Restaurants et lieux publics<\/strong>: la r\u00e9duction du bruit dans les lieux tr\u00e8s fr\u00e9quent\u00e9s est essentielle pour am\u00e9liorer l'exp\u00e9rience des clients.\r\nLes panneaux MICROBAFFLE\u00ae, avec leur design discret et leurs performances acoustiques \u00e9lev\u00e9es, s'int\u00e8grent parfaitement dans ces espaces.<\/li>\r\n \t<li><strong>Home studio ou home cin\u00e9ma<\/strong>: am\u00e9liorez l'exp\u00e9rience audio pour les productions musicales ou le visionnage de films.<\/li>\r\n \t<li>Maisons <strong>priv\u00e9es<\/strong>: m\u00eame les maisons peuvent b\u00e9n\u00e9ficier de panneaux d'absorption acoustique pour cr\u00e9er des environnements plus silencieux et plus confortables.\r\nLes solutions Garvan, telles que QUADRA\u00ae et ACOUSTIC PARQUET\u00ae, offrent des finitions luxueuses et des performances sup\u00e9rieures.<\/li>\r\n<\/ul>\r\n[\/vc_wp_text]<\/div><\/div><\/div><\/div><\/section><section id=\"come-scegliere\" class=\"padding-two sm-padding-two xs-padding-two\"><div class=\"container\"><div class=\"row\"><div class=\"wpb_column hcode-column-container vc_col-sm-12 col-xs-mobile-fullwidth\" data-front-class=\"col-xs-mobile-fullwidth\"><div class=\"vc-column-innner-wrapper\">[vc_wp_text]\r\n<h2>COMMENT CHOISIR LES MEILLEURS ABSORBEURS DE PLAFOND ?<\/h2>\r\nLorsque vous choisissez des panneaux de plafond acoustique, il est important de prendre en compte les \u00e9l\u00e9ments suivants :\r\n<ul>\r\n \t<li><strong>Taille de la<\/strong> pi\u00e8ce : plus la pi\u00e8ce est grande, plus il faut de panneaux.<\/li>\r\n \t<li><strong>Mat\u00e9riaux<\/strong>: Le temps de r\u00e9verb\u00e9ration varie en fonction des mat\u00e9riaux pr\u00e9sents dans la pi\u00e8ce.<\/li>\r\n \t<li><strong>Efficacit\u00e9 acoustique<\/strong>: Garvan effectue des simulations acoustiques pour calculer le temps de r\u00e9verb\u00e9ration et garantir une efficacit\u00e9 maximale.<\/li>\r\n<\/ul>\r\nVous pouvez utiliser notre <strong>configurateur de traitement acoustique<\/strong> pour concevoir une solution sur mesure et optimiser le confort acoustique de votre espace.[\/vc_wp_text]<\/div><\/div><\/div><\/div><\/section><section id=\"configuratore\" class=\"padding-two sm-padding-two xs-padding-two\"><div class=\"container\"><div class=\"row\"><div class=\"wpb_column hcode-column-container vc_col-sm-12 col-xs-mobile-fullwidth\" data-front-class=\"col-xs-mobile-fullwidth\"><div class=\"vc-column-innner-wrapper\">[vc_wp_text]\r\n<h2>CONCEVEZ VOTRE ESPACE AVEC LE CONFIGURATEUR DE TRAITEMENT ACOUSTIQUE<\/h2>\r\nPour une <strong>solution personnalis\u00e9e<\/strong>, nous vous invitons \u00e0 essayer notre <span style=\"text-decoration: underline;\"><span style=\"color: #000000; text-decoration: underline;\"><a style=\"color: #000000; text-decoration: underline;\" href=\"https:\/\/staging.garvanacoustic.com\/fr\/configurateur-pour-le-traitement-acoustique\/\"><strong>configurateur de traitement acoustique<\/strong><\/a><\/span><\/span>.\r\nCet outil vous permet de s\u00e9lectionner les meilleures options pour vos besoins en fonction de la <strong>taille de la pi\u00e8ce<\/strong>, des <strong>mat\u00e9riaux<\/strong> et de l <strong>'esth\u00e9tique<\/strong>.\r\n<p style=\"background: #F2CF7E; border-radius: 10px; padding: 15px 32px; display: inline-block; margin: 4px 2px;\"><span style=\"color: #000000;\"><strong><a style=\"color: #000000;\" href=\"https:\/\/staging.garvanacoustic.com\/fr\/configurateur-pour-le-traitement-acoustique\/\" rel=\"noopener\">ALLER AU CONFIGURATEUR \u203a<\/a><\/strong><\/span><\/p>\r\n[\/vc_wp_text]<\/div><\/div><div class=\"wpb_column hcode-column-container vc_col-sm-6 col-xs-mobile-fullwidth\" data-front-class=\"col-xs-mobile-fullwidth\"><div class=\"vc-column-innner-wrapper\">[vc_wp_text]\r\n<h4><strong>Comment cela fonctionne-t-il ?<\/strong><\/h4>\r\nChez <strong>Garvan<\/strong>, nous pouvons vous aider \u00e0 toutes les \u00e9tapes de votre travail de <strong>correction acoustique<\/strong> et, dans un premier temps, vous pouvez nous envoyer une demande via notre <strong>configurateur en ligne.<\/strong>\r\nD\u00e8s r\u00e9ception de votre demande, nous pr\u00e9parerons une <strong>simulation<\/strong> approximative du nombre de <strong>panneaux<\/strong> n\u00e9cessaires pour corriger votre pi\u00e8ce et nous vous aiderons \u00e0 d\u00e9cider de leur emplacement.\r\nJusqu'\u00e0 ce stade, le service est totalement <strong>gratuit<\/strong> et, dans 95 % des cas, aucun autre travail de conception n'est n\u00e9cessaire.\r\nSi les pi\u00e8ces sont <strong>grandes<\/strong>, avec un <strong>volume de plus de<\/strong> <strong>300 m\u00e8tres cubes<\/strong>, une <strong>conception sp\u00e9cifique<\/strong> avec une \u00e9ventuelle <strong>visite sur place d'<\/strong> un <strong>ing\u00e9nieur acousticien<\/strong> est n\u00e9cessaire. M\u00eame dans le cas d'<strong>auditoriums<\/strong>, de <strong>salles de cin\u00e9ma<\/strong> sp\u00e9cialis\u00e9es ou d'<strong>environnements critiques<\/strong>, il est conseill\u00e9 de faire appel \u00e0 un <strong>ing\u00e9nieur acousticien<\/strong>.[\/vc_wp_text]<\/div><\/div><div class=\"wpb_column hcode-column-container vc_col-sm-6 col-xs-mobile-fullwidth\" data-front-class=\"col-xs-mobile-fullwidth\"><div class=\"vc-column-innner-wrapper\">[vc_video link=\"https:\/\/www.youtube.com\/watch?v=hEF55mIU5Ns\" align=\"center\"]<\/div><\/div><\/div><\/div><\/section><section id=\"faq\" class=\"padding-two sm-padding-two xs-padding-two\"><div class=\"container\"><div class=\"row\"><div class=\"wpb_column hcode-column-container vc_col-sm-12 col-xs-mobile-fullwidth\" data-front-class=\"col-xs-mobile-fullwidth\"><div class=\"vc-column-innner-wrapper\">[vc_wp_text]\r\n<h3>QUESTIONS FR\u00c9QUEMMENT POS\u00c9ES<\/h3>\r\n[\/vc_wp_text]<div class=\"panel-group accordion-style3\" id=\"1697105401\" ><div class=\"panel panel-default\"><div class=\"panel-heading \"><a data-toggle=\"collapse\" data-parent=\"#1697105401\" href=\"#accordian-panel-1\"><h4 class=\"panel-title hcode-font-setting-6a9bd2846bd55\" >Quelle est l'efficacit\u00e9 du syst\u00e8me de fixation au plafond ?<span class=\"pull-right\"><i class=\"fa-solid fa-angle-down\"><\/i><\/span><\/h4><\/a><\/div><div id=\"accordian-panel-1\" class=\"panel-collapse collapse \"><div class=\"panel-body\"><p>Le syst\u00e8me de montage des absorbeurs acoustiques Garvan, tels que les panneaux <strong>Surface<\/strong> et <strong>Microbaffle<\/strong>, est con\u00e7u pour \u00eatre polyvalent et simple.<br \/>\nVous pouvez choisir entre une fixation permanente \u00e0 l'aide de supports ou une fixation magn\u00e9tique pour une flexibilit\u00e9 maximale.<\/p>\n<\/div><\/div><\/div><div class=\"panel panel-default\"><div class=\"panel-heading \"><a data-toggle=\"collapse\" data-parent=\"#1697105401\" href=\"#accordian-panel-2\"><h4 class=\"panel-title hcode-font-setting-6a9bd2846bde8\" >Les panneaux insonorisants \u00e9liminent-ils les bruits ext\u00e9rieurs ?<span class=\"pull-right\"><i class=\"fa-solid fa-angle-down\"><\/i><\/span><\/h4><\/a><\/div><div id=\"accordian-panel-2\" class=\"panel-collapse collapse \"><div class=\"panel-body\"><p>Non, les panneaux <strong>absorbants<\/strong> r\u00e9duisent la r\u00e9verb\u00e9ration \u00e0 l'int\u00e9rieur d'une pi\u00e8ce, mais ils ne sont pas con\u00e7us pour bloquer les bruits ext\u00e9rieurs.<br \/>\nDes solutions d'<strong>isolation acoustique<\/strong> sont n\u00e9cessaires pour cela.<\/p>\n<\/div><\/div><\/div><div class=\"panel panel-default\"><div class=\"panel-heading \"><a data-toggle=\"collapse\" data-parent=\"#1697105401\" href=\"#accordian-panel-3\"><h4 class=\"panel-title hcode-font-setting-6a9bd2846be49\" >Combien co\u00fbtent les panneaux insonorisants ?<span class=\"pull-right\"><i class=\"fa-solid fa-angle-down\"><\/i><\/span><\/h4><\/a><\/div><div id=\"accordian-panel-3\" class=\"panel-collapse collapse \"><div class=\"panel-body\"><p>Les prix varient en fonction du mat\u00e9riau et de la taille.<br \/>\nLes solutions de base commencent \u00e0 quelques dizaines d'euros par panneau, tandis que les options professionnelles peuvent co\u00fbter plus cher.<\/p>\n<\/div><\/div><\/div><div class=\"panel panel-default\"><div class=\"panel-heading \"><a data-toggle=\"collapse\" data-parent=\"#1697105401\" href=\"#accordian-panel-4\"><h4 class=\"panel-title hcode-font-setting-6a9bd2846bea7\" >Puis-je installer les panneaux moi-m\u00eame ?<span class=\"pull-right\"><i class=\"fa-solid fa-angle-down\"><\/i><\/span><\/h4><\/a><\/div><div id=\"accordian-panel-4\" class=\"panel-collapse collapse \"><div class=\"panel-body\"><p>Oui, de nombreux panneaux sont auto-installables.<br \/>\nToutefois, pour les installations complexes ou dans de tr\u00e8s grands espaces, il est conseill\u00e9 de faire appel \u00e0 un expert.<\/p>\n<\/div><\/div><\/div><div class=\"panel panel-default\"><div class=\"panel-heading \"><a data-toggle=\"collapse\" data-parent=\"#1697105401\" href=\"#accordian-panel-5\"><h4 class=\"panel-title hcode-font-setting-6a9bd2846bf02\" >Puis-je les installer sur n'importe quel type de plafond ?<span class=\"pull-right\"><i class=\"fa-solid fa-angle-down\"><\/i><\/span><\/h4><\/a><\/div><div id=\"accordian-panel-5\" class=\"panel-collapse collapse \"><div class=\"panel-body\"><p>Oui, Garvan propose des solutions flexibles adapt\u00e9es \u00e0 diff\u00e9rents types de plafonds, y compris les faux plafonds.<\/p>\n<\/div><\/div><\/div><div class=\"panel panel-default\"><div class=\"panel-heading \"><a data-toggle=\"collapse\" data-parent=\"#1697105401\" href=\"#accordian-panel-6\"><h4 class=\"panel-title hcode-font-setting-6a9bd2846bf55\" >\u00cates-vous vraiment Made in Italy ?<span class=\"pull-right\"><i class=\"fa-solid fa-angle-down\"><\/i><\/span><\/h4><\/a><\/div><div id=\"accordian-panel-6\" class=\"panel-collapse collapse \"><div class=\"panel-body\"><p>Oui, nos panneaux insonorisants sont authentiquement Made in Italy et produits sur notre site de production.<\/p>\n<\/div><\/div><\/div><\/div><\/div><\/div><\/div><\/div><\/section><section class=\"no-padding sm-no-padding xs-no-padding margin-0auto sm-margin-0auto xs-margin-0auto\"><div class=\"container\"><div class=\"row\"><div class=\"wpb_column hcode-column-container vc_col-sm-12 col-xs-mobile-fullwidth\" data-front-class=\"col-xs-mobile-fullwidth\"><div class=\"vc-column-innner-wrapper\">[vc_wp_text][\/vc_wp_text]<\/div><\/div><\/div><\/div><\/section><section class=\"padding-one sm-padding-one xs-padding-one\"><div class=\"container\"><div class=\"row\"><div class=\"wpb_column hcode-column-container vc_col-sm-12 col-xs-mobile-fullwidth\" data-front-class=\"col-xs-mobile-fullwidth\"><div class=\"vc-column-innner-wrapper\">[vc_separator color=\"black\" border_width=\"3\"]<\/div><\/div><\/div><\/div><\/section><section id=\"garvan\" class=\"padding-two-top sm-padding-two-top xs-padding-two-top\"><div class=\"container\"><div class=\"row\"><div class=\"wpb_column hcode-column-container vc_col-sm-12 col-xs-mobile-fullwidth\" data-front-class=\"col-xs-mobile-fullwidth\"><div class=\"vc-column-innner-wrapper\">[vc_cta h2=\"Demande d'informations\" h4=\"Nos techniciens vous r\u00e9pondront dans les plus brefs d\u00e9lais.\" txt_align=\"center\" style=\"flat\" color=\"black\" el_width=\"md\" add_button=\"bottom\" btn_title=\"Demande d'informations\" btn_color=\"warning\" btn_align=\"center\" btn_i_align=\"right\" btn_i_icon_fontawesome=\"fas fa-arrow-right\" btn_add_icon=\"true\" btn_link=\"url:mailto%3Agarvan%40garvanacoustic.com|target:_blank|\"]Garvan Acoustic offre aux clients int\u00e9ress\u00e9s par un achat la possibilit\u00e9 d'analyser leur situation actuelle lors d'un appel vid\u00e9o avec l'un de nos techniciens.[\/vc_cta]<\/div><\/div><\/div><\/div><\/section>","protected":false},"excerpt":{"rendered":"<p>[vc_wp_text] PANNEAUX ACOUSTIQUES POUR PLAFONDS : LE GUIDE COMPLET [\/vc_wp_text][vc_single_image image=\u00a0\u00bb36973&Prime; img_size=\u00a0\u00bbfull\u00a0\u00bb alignment=\u00a0\u00bbcenter\u00a0\u00bb][vc_wp_text] TABLE DES MATI\u00c8RES Qu&rsquo;est-ce que la r\u00e9verb\u00e9ration et le temps de r\u00e9verb\u00e9ration ? Diff\u00e9rences entre la correction acoustique et l&rsquo;isolation acoustique Qu&rsquo;est-ce qu&rsquo;un panneau de plafond acoustique ? Pourquoi choisir des panneaux de plafond acoustiques ? Types de panneaux de plafond acoustique [&hellip;]<\/p>\n","protected":false},"author":7,"featured_media":51509,"comment_status":"closed","ping_status":"closed","sticky":false,"template":"","format":"image","meta":{"_joinchat":[],"footnotes":""},"categories":[1559,1549],"tags":[],"class_list":["post-71836","post","type-post","status-publish","format-image","has-post-thumbnail","hentry","category-educative","category-panneaux-acoustiques","post_format-post-format-image"],"yoast_head":"<!-- This site is optimized with the Yoast SEO Premium plugin v27.8 (Yoast SEO v27.8) - https:\/\/yoast.com\/product\/yoast-seo-premium-wordpress\/ -->\n<title>PANNEAUX DE PLAFOND ACOUSTIQUES - Garvan staging website<\/title>\n<meta name=\"description\" content=\"Tout savoir sur les dalles de plafond acoustique : un guide complet sur le choix et la conception de solutions acoustiques sur mesure\" \/>\n<meta name=\"robots\" content=\"noindex, follow, max-snippet:-1, max-image-preview:large, max-video-preview:-1\" \/>\n<meta property=\"og:locale\" content=\"fr_FR\" \/>\n<meta property=\"og:type\" content=\"article\" \/>\n<meta property=\"og:title\" content=\"PANNEAUX DE PLAFOND ACOUSTIQUES\" \/>\n<meta property=\"og:description\" content=\"Tout savoir sur les dalles de plafond acoustique : un guide complet sur le choix et la conception de solutions acoustiques sur mesure\" \/>\n<meta property=\"og:url\" content=\"https:\/\/staging.garvanacoustic.com\/fr\/panneaux-acoustiques\/panneaux-de-plafond-acoustiques\/\" \/>\n<meta property=\"og:site_name\" content=\"Garvan staging website\" \/>\n<meta property=\"article:publisher\" content=\"https:\/\/www.facebook.com\/garvanacoustic\" \/>\n<meta property=\"article:published_time\" content=\"2024-09-05T13:13:50+00:00\" \/>\n<meta property=\"article:modified_time\" content=\"2024-09-05T13:47:11+00:00\" \/>\n<meta property=\"og:image\" content=\"https:\/\/staging.garvanacoustic.com\/wp-content\/uploads\/2021\/12\/jakidale.jpg\" \/>\n\t<meta property=\"og:image:width\" content=\"760\" \/>\n\t<meta property=\"og:image:height\" content=\"570\" \/>\n\t<meta property=\"og:image:type\" content=\"image\/jpeg\" \/>\n<meta name=\"author\" content=\"Andrea Martelli\" \/>\n<meta name=\"twitter:card\" content=\"summary_large_image\" \/>\n<meta name=\"twitter:label1\" content=\"\u00c9crit par\" \/>\n\t<meta name=\"twitter:data1\" content=\"Andrea Martelli\" \/>\n\t<meta name=\"twitter:label2\" content=\"Dur\u00e9e de lecture estim\u00e9e\" \/>\n\t<meta name=\"twitter:data2\" content=\"14 minutes\" \/>\n<script type=\"application\/ld+json\" class=\"yoast-schema-graph\">{\"@context\":\"https:\\\/\\\/schema.org\",\"@graph\":[{\"@type\":\"Article\",\"@id\":\"https:\\\/\\\/staging.garvanacoustic.com\\\/fr\\\/panneaux-acoustiques\\\/panneaux-de-plafond-acoustiques\\\/#article\",\"isPartOf\":{\"@id\":\"https:\\\/\\\/staging.garvanacoustic.com\\\/fr\\\/panneaux-acoustiques\\\/panneaux-de-plafond-acoustiques\\\/\"},\"author\":{\"name\":\"Andrea Martelli\",\"@id\":\"https:\\\/\\\/staging.garvanacoustic.com\\\/fr\\\/#\\\/schema\\\/person\\\/7ceb087aedfd5bc03288c188f2fac0c8\"},\"headline\":\"PANNEAUX DE PLAFOND ACOUSTIQUES\",\"datePublished\":\"2024-09-05T13:13:50+00:00\",\"dateModified\":\"2024-09-05T13:47:11+00:00\",\"mainEntityOfPage\":{\"@id\":\"https:\\\/\\\/staging.garvanacoustic.com\\\/fr\\\/panneaux-acoustiques\\\/panneaux-de-plafond-acoustiques\\\/\"},\"wordCount\":3407,\"publisher\":{\"@id\":\"https:\\\/\\\/staging.garvanacoustic.com\\\/fr\\\/#organization\"},\"image\":{\"@id\":\"https:\\\/\\\/staging.garvanacoustic.com\\\/fr\\\/panneaux-acoustiques\\\/panneaux-de-plafond-acoustiques\\\/#primaryimage\"},\"thumbnailUrl\":\"https:\\\/\\\/staging.garvanacoustic.com\\\/wp-content\\\/uploads\\\/2021\\\/12\\\/jakidale.jpg\",\"articleSection\":[\"\u00c9ducative\",\"Panneaux Acoustiques\"],\"inLanguage\":\"fr-FR\"},{\"@type\":\"WebPage\",\"@id\":\"https:\\\/\\\/staging.garvanacoustic.com\\\/fr\\\/panneaux-acoustiques\\\/panneaux-de-plafond-acoustiques\\\/\",\"url\":\"https:\\\/\\\/staging.garvanacoustic.com\\\/fr\\\/panneaux-acoustiques\\\/panneaux-de-plafond-acoustiques\\\/\",\"name\":\"PANNEAUX DE PLAFOND ACOUSTIQUES - Garvan staging website\",\"isPartOf\":{\"@id\":\"https:\\\/\\\/staging.garvanacoustic.com\\\/fr\\\/#website\"},\"primaryImageOfPage\":{\"@id\":\"https:\\\/\\\/staging.garvanacoustic.com\\\/fr\\\/panneaux-acoustiques\\\/panneaux-de-plafond-acoustiques\\\/#primaryimage\"},\"image\":{\"@id\":\"https:\\\/\\\/staging.garvanacoustic.com\\\/fr\\\/panneaux-acoustiques\\\/panneaux-de-plafond-acoustiques\\\/#primaryimage\"},\"thumbnailUrl\":\"https:\\\/\\\/staging.garvanacoustic.com\\\/wp-content\\\/uploads\\\/2021\\\/12\\\/jakidale.jpg\",\"datePublished\":\"2024-09-05T13:13:50+00:00\",\"dateModified\":\"2024-09-05T13:47:11+00:00\",\"description\":\"Tout savoir sur les dalles de plafond acoustique : un guide complet sur le choix et la conception de solutions acoustiques sur mesure\",\"breadcrumb\":{\"@id\":\"https:\\\/\\\/staging.garvanacoustic.com\\\/fr\\\/panneaux-acoustiques\\\/panneaux-de-plafond-acoustiques\\\/#breadcrumb\"},\"inLanguage\":\"fr-FR\",\"potentialAction\":[{\"@type\":\"ReadAction\",\"target\":[\"https:\\\/\\\/staging.garvanacoustic.com\\\/fr\\\/panneaux-acoustiques\\\/panneaux-de-plafond-acoustiques\\\/\"]}]},{\"@type\":\"ImageObject\",\"inLanguage\":\"fr-FR\",\"@id\":\"https:\\\/\\\/staging.garvanacoustic.com\\\/fr\\\/panneaux-acoustiques\\\/panneaux-de-plafond-acoustiques\\\/#primaryimage\",\"url\":\"https:\\\/\\\/staging.garvanacoustic.com\\\/wp-content\\\/uploads\\\/2021\\\/12\\\/jakidale.jpg\",\"contentUrl\":\"https:\\\/\\\/staging.garvanacoustic.com\\\/wp-content\\\/uploads\\\/2021\\\/12\\\/jakidale.jpg\",\"width\":760,\"height\":570,\"caption\":\"Youtuber Jakidale installing Garvan acoustic correction panels\"},{\"@type\":\"BreadcrumbList\",\"@id\":\"https:\\\/\\\/staging.garvanacoustic.com\\\/fr\\\/panneaux-acoustiques\\\/panneaux-de-plafond-acoustiques\\\/#breadcrumb\",\"itemListElement\":[{\"@type\":\"ListItem\",\"position\":1,\"name\":\"Home\",\"item\":\"https:\\\/\\\/staging.garvanacoustic.com\\\/fr\\\/\"},{\"@type\":\"ListItem\",\"position\":2,\"name\":\"PANNEAUX DE PLAFOND ACOUSTIQUES\"}]},{\"@type\":\"WebSite\",\"@id\":\"https:\\\/\\\/staging.garvanacoustic.com\\\/fr\\\/#website\",\"url\":\"https:\\\/\\\/staging.garvanacoustic.com\\\/fr\\\/\",\"name\":\"Garvan Acoustic\",\"description\":\"Diffusori e trattamento acustico: scopri la qualit\u00e0 del Made in Italy\",\"publisher\":{\"@id\":\"https:\\\/\\\/staging.garvanacoustic.com\\\/fr\\\/#organization\"},\"potentialAction\":[{\"@type\":\"SearchAction\",\"target\":{\"@type\":\"EntryPoint\",\"urlTemplate\":\"https:\\\/\\\/staging.garvanacoustic.com\\\/fr\\\/?s={search_term_string}\"},\"query-input\":{\"@type\":\"PropertyValueSpecification\",\"valueRequired\":true,\"valueName\":\"search_term_string\"}}],\"inLanguage\":\"fr-FR\"},{\"@type\":\"Organization\",\"@id\":\"https:\\\/\\\/staging.garvanacoustic.com\\\/fr\\\/#organization\",\"name\":\"Garvan Acoustic\",\"url\":\"https:\\\/\\\/staging.garvanacoustic.com\\\/fr\\\/\",\"logo\":{\"@type\":\"ImageObject\",\"inLanguage\":\"fr-FR\",\"@id\":\"https:\\\/\\\/staging.garvanacoustic.com\\\/fr\\\/#\\\/schema\\\/logo\\\/image\\\/\",\"url\":\"https:\\\/\\\/staging.garvanacoustic.com\\\/wp-content\\\/uploads\\\/2018\\\/07\\\/garvan-acoustic-logo.png\",\"contentUrl\":\"https:\\\/\\\/staging.garvanacoustic.com\\\/wp-content\\\/uploads\\\/2018\\\/07\\\/garvan-acoustic-logo.png\",\"width\":400,\"height\":161,\"caption\":\"Garvan Acoustic\"},\"image\":{\"@id\":\"https:\\\/\\\/staging.garvanacoustic.com\\\/fr\\\/#\\\/schema\\\/logo\\\/image\\\/\"},\"sameAs\":[\"https:\\\/\\\/www.facebook.com\\\/garvanacoustic\",\"https:\\\/\\\/www.instagram.com\\\/garvanacoustic\\\/\"],\"description\":\"Produttori di Diffusori Acustici e Pannelli Fonoassorbenti Made in Italy\",\"email\":\"garvan@garvanacoustic.com\",\"telephone\":\"0546 682097\"},{\"@type\":\"Person\",\"@id\":\"https:\\\/\\\/staging.garvanacoustic.com\\\/fr\\\/#\\\/schema\\\/person\\\/7ceb087aedfd5bc03288c188f2fac0c8\",\"name\":\"Andrea Martelli\",\"image\":{\"@type\":\"ImageObject\",\"inLanguage\":\"fr-FR\",\"@id\":\"https:\\\/\\\/secure.gravatar.com\\\/avatar\\\/c3e193012ac49149f8a1c09acfa2ad4203f0684a5e47f8fb09dd34037f15c026?s=96&d=mm&r=g\",\"url\":\"https:\\\/\\\/secure.gravatar.com\\\/avatar\\\/c3e193012ac49149f8a1c09acfa2ad4203f0684a5e47f8fb09dd34037f15c026?s=96&d=mm&r=g\",\"contentUrl\":\"https:\\\/\\\/secure.gravatar.com\\\/avatar\\\/c3e193012ac49149f8a1c09acfa2ad4203f0684a5e47f8fb09dd34037f15c026?s=96&d=mm&r=g\",\"caption\":\"Andrea Martelli\"},\"description\":\"I have always been passionate about music and cinema. I believe that sound can improve the quality of people's lives, which is why at the age of 25 I co-founded Garvan Acoustic with Roberto Gaudenzi.\",\"sameAs\":[\"https:\\\/\\\/staging.garvanacoustic.com\\\/\"],\"url\":\"https:\\\/\\\/staging.garvanacoustic.com\\\/fr\\\/author\\\/garvan_admin\\\/\"}]}<\/script>\n<!-- \/ Yoast SEO Premium plugin. -->","yoast_head_json":{"title":"PANNEAUX DE PLAFOND ACOUSTIQUES - Garvan staging website","description":"Tout savoir sur les dalles de plafond acoustique : un guide complet sur le choix et la conception de solutions acoustiques sur mesure","robots":{"index":"noindex","follow":"follow","max-snippet":"max-snippet:-1","max-image-preview":"max-image-preview:large","max-video-preview":"max-video-preview:-1"},"og_locale":"fr_FR","og_type":"article","og_title":"PANNEAUX DE PLAFOND ACOUSTIQUES","og_description":"Tout savoir sur les dalles de plafond acoustique : un guide complet sur le choix et la conception de solutions acoustiques sur mesure","og_url":"https:\/\/staging.garvanacoustic.com\/fr\/panneaux-acoustiques\/panneaux-de-plafond-acoustiques\/","og_site_name":"Garvan staging website","article_publisher":"https:\/\/www.facebook.com\/garvanacoustic","article_published_time":"2024-09-05T13:13:50+00:00","article_modified_time":"2024-09-05T13:47:11+00:00","og_image":[{"width":760,"height":570,"url":"https:\/\/staging.garvanacoustic.com\/wp-content\/uploads\/2021\/12\/jakidale.jpg","type":"image\/jpeg"}],"author":"Andrea Martelli","twitter_card":"summary_large_image","twitter_misc":{"\u00c9crit par":"Andrea Martelli","Dur\u00e9e de lecture estim\u00e9e":"14 minutes"},"schema":{"@context":"https:\/\/schema.org","@graph":[{"@type":"Article","@id":"https:\/\/staging.garvanacoustic.com\/fr\/panneaux-acoustiques\/panneaux-de-plafond-acoustiques\/#article","isPartOf":{"@id":"https:\/\/staging.garvanacoustic.com\/fr\/panneaux-acoustiques\/panneaux-de-plafond-acoustiques\/"},"author":{"name":"Andrea Martelli","@id":"https:\/\/staging.garvanacoustic.com\/fr\/#\/schema\/person\/7ceb087aedfd5bc03288c188f2fac0c8"},"headline":"PANNEAUX DE PLAFOND ACOUSTIQUES","datePublished":"2024-09-05T13:13:50+00:00","dateModified":"2024-09-05T13:47:11+00:00","mainEntityOfPage":{"@id":"https:\/\/staging.garvanacoustic.com\/fr\/panneaux-acoustiques\/panneaux-de-plafond-acoustiques\/"},"wordCount":3407,"publisher":{"@id":"https:\/\/staging.garvanacoustic.com\/fr\/#organization"},"image":{"@id":"https:\/\/staging.garvanacoustic.com\/fr\/panneaux-acoustiques\/panneaux-de-plafond-acoustiques\/#primaryimage"},"thumbnailUrl":"https:\/\/staging.garvanacoustic.com\/wp-content\/uploads\/2021\/12\/jakidale.jpg","articleSection":["\u00c9ducative","Panneaux Acoustiques"],"inLanguage":"fr-FR"},{"@type":"WebPage","@id":"https:\/\/staging.garvanacoustic.com\/fr\/panneaux-acoustiques\/panneaux-de-plafond-acoustiques\/","url":"https:\/\/staging.garvanacoustic.com\/fr\/panneaux-acoustiques\/panneaux-de-plafond-acoustiques\/","name":"PANNEAUX DE PLAFOND ACOUSTIQUES - Garvan staging website","isPartOf":{"@id":"https:\/\/staging.garvanacoustic.com\/fr\/#website"},"primaryImageOfPage":{"@id":"https:\/\/staging.garvanacoustic.com\/fr\/panneaux-acoustiques\/panneaux-de-plafond-acoustiques\/#primaryimage"},"image":{"@id":"https:\/\/staging.garvanacoustic.com\/fr\/panneaux-acoustiques\/panneaux-de-plafond-acoustiques\/#primaryimage"},"thumbnailUrl":"https:\/\/staging.garvanacoustic.com\/wp-content\/uploads\/2021\/12\/jakidale.jpg","datePublished":"2024-09-05T13:13:50+00:00","dateModified":"2024-09-05T13:47:11+00:00","description":"Tout savoir sur les dalles de plafond acoustique : un guide complet sur le choix et la conception de solutions acoustiques sur mesure","breadcrumb":{"@id":"https:\/\/staging.garvanacoustic.com\/fr\/panneaux-acoustiques\/panneaux-de-plafond-acoustiques\/#breadcrumb"},"inLanguage":"fr-FR","potentialAction":[{"@type":"ReadAction","target":["https:\/\/staging.garvanacoustic.com\/fr\/panneaux-acoustiques\/panneaux-de-plafond-acoustiques\/"]}]},{"@type":"ImageObject","inLanguage":"fr-FR","@id":"https:\/\/staging.garvanacoustic.com\/fr\/panneaux-acoustiques\/panneaux-de-plafond-acoustiques\/#primaryimage","url":"https:\/\/staging.garvanacoustic.com\/wp-content\/uploads\/2021\/12\/jakidale.jpg","contentUrl":"https:\/\/staging.garvanacoustic.com\/wp-content\/uploads\/2021\/12\/jakidale.jpg","width":760,"height":570,"caption":"Youtuber Jakidale installing Garvan acoustic correction panels"},{"@type":"BreadcrumbList","@id":"https:\/\/staging.garvanacoustic.com\/fr\/panneaux-acoustiques\/panneaux-de-plafond-acoustiques\/#breadcrumb","itemListElement":[{"@type":"ListItem","position":1,"name":"Home","item":"https:\/\/staging.garvanacoustic.com\/fr\/"},{"@type":"ListItem","position":2,"name":"PANNEAUX DE PLAFOND ACOUSTIQUES"}]},{"@type":"WebSite","@id":"https:\/\/staging.garvanacoustic.com\/fr\/#website","url":"https:\/\/staging.garvanacoustic.com\/fr\/","name":"Garvan Acoustic","description":"Diffusori e trattamento acustico: scopri la qualit\u00e0 del Made in Italy","publisher":{"@id":"https:\/\/staging.garvanacoustic.com\/fr\/#organization"},"potentialAction":[{"@type":"SearchAction","target":{"@type":"EntryPoint","urlTemplate":"https:\/\/staging.garvanacoustic.com\/fr\/?s={search_term_string}"},"query-input":{"@type":"PropertyValueSpecification","valueRequired":true,"valueName":"search_term_string"}}],"inLanguage":"fr-FR"},{"@type":"Organization","@id":"https:\/\/staging.garvanacoustic.com\/fr\/#organization","name":"Garvan Acoustic","url":"https:\/\/staging.garvanacoustic.com\/fr\/","logo":{"@type":"ImageObject","inLanguage":"fr-FR","@id":"https:\/\/staging.garvanacoustic.com\/fr\/#\/schema\/logo\/image\/","url":"https:\/\/staging.garvanacoustic.com\/wp-content\/uploads\/2018\/07\/garvan-acoustic-logo.png","contentUrl":"https:\/\/staging.garvanacoustic.com\/wp-content\/uploads\/2018\/07\/garvan-acoustic-logo.png","width":400,"height":161,"caption":"Garvan Acoustic"},"image":{"@id":"https:\/\/staging.garvanacoustic.com\/fr\/#\/schema\/logo\/image\/"},"sameAs":["https:\/\/www.facebook.com\/garvanacoustic","https:\/\/www.instagram.com\/garvanacoustic\/"],"description":"Produttori di Diffusori Acustici e Pannelli Fonoassorbenti Made in Italy","email":"garvan@garvanacoustic.com","telephone":"0546 682097"},{"@type":"Person","@id":"https:\/\/staging.garvanacoustic.com\/fr\/#\/schema\/person\/7ceb087aedfd5bc03288c188f2fac0c8","name":"Andrea Martelli","image":{"@type":"ImageObject","inLanguage":"fr-FR","@id":"https:\/\/secure.gravatar.com\/avatar\/c3e193012ac49149f8a1c09acfa2ad4203f0684a5e47f8fb09dd34037f15c026?s=96&d=mm&r=g","url":"https:\/\/secure.gravatar.com\/avatar\/c3e193012ac49149f8a1c09acfa2ad4203f0684a5e47f8fb09dd34037f15c026?s=96&d=mm&r=g","contentUrl":"https:\/\/secure.gravatar.com\/avatar\/c3e193012ac49149f8a1c09acfa2ad4203f0684a5e47f8fb09dd34037f15c026?s=96&d=mm&r=g","caption":"Andrea Martelli"},"description":"I have always been passionate about music and cinema. I believe that sound can improve the quality of people's lives, which is why at the age of 25 I co-founded Garvan Acoustic with Roberto Gaudenzi.","sameAs":["https:\/\/staging.garvanacoustic.com\/"],"url":"https:\/\/staging.garvanacoustic.com\/fr\/author\/garvan_admin\/"}]}},"_links":{"self":[{"href":"https:\/\/staging.garvanacoustic.com\/fr\/wp-json\/wp\/v2\/posts\/71836","targetHints":{"allow":["GET"]}}],"collection":[{"href":"https:\/\/staging.garvanacoustic.com\/fr\/wp-json\/wp\/v2\/posts"}],"about":[{"href":"https:\/\/staging.garvanacoustic.com\/fr\/wp-json\/wp\/v2\/types\/post"}],"author":[{"embeddable":true,"href":"https:\/\/staging.garvanacoustic.com\/fr\/wp-json\/wp\/v2\/users\/7"}],"replies":[{"embeddable":true,"href":"https:\/\/staging.garvanacoustic.com\/fr\/wp-json\/wp\/v2\/comments?post=71836"}],"version-history":[{"count":7,"href":"https:\/\/staging.garvanacoustic.com\/fr\/wp-json\/wp\/v2\/posts\/71836\/revisions"}],"predecessor-version":[{"id":71858,"href":"https:\/\/staging.garvanacoustic.com\/fr\/wp-json\/wp\/v2\/posts\/71836\/revisions\/71858"}],"wp:featuredmedia":[{"embeddable":true,"href":"https:\/\/staging.garvanacoustic.com\/fr\/wp-json\/wp\/v2\/media\/51509"}],"wp:attachment":[{"href":"https:\/\/staging.garvanacoustic.com\/fr\/wp-json\/wp\/v2\/media?parent=71836"}],"wp:term":[{"taxonomy":"category","embeddable":true,"href":"https:\/\/staging.garvanacoustic.com\/fr\/wp-json\/wp\/v2\/categories?post=71836"},{"taxonomy":"post_tag","embeddable":true,"href":"https:\/\/staging.garvanacoustic.com\/fr\/wp-json\/wp\/v2\/tags?post=71836"}],"curies":[{"name":"wp","href":"https:\/\/api.w.org\/{rel}","templated":true}]}}