{"id":78312,"date":"2025-12-15T17:11:10","date_gmt":"2025-12-15T16:11:10","guid":{"rendered":"https:\/\/staging.garvanacoustic.com\/?p=78312"},"modified":"2026-01-16T15:24:39","modified_gmt":"2026-01-16T14:24:39","slug":"unete-a-nosotros-en-ise-2026","status":"publish","type":"post","link":"https:\/\/staging.garvanacoustic.com\/es\/eventos\/unete-a-nosotros-en-ise-2026\/","title":{"rendered":"\u00danete a nosotros en ISE 2026"},"content":{"rendered":"<section class=\"no-padding sm-no-padding xs-no-padding margin-0auto sm-margin-0auto xs-margin-0auto\"><div class=\"container\"><div class=\"row\"><div class=\"wpb_column hcode-column-container vc_col-sm-12 col-xs-mobile-fullwidth\" data-front-class=\"col-xs-mobile-fullwidth\"><div class=\"vc-column-innner-wrapper\">[vc_single_image image=\"73677\" img_size=\"700 \u00d7 224\" alignment=\"center\"][vc_empty_space][vc_wp_text]\r\n<h1>Campus Completo - stand 2A550 (Residencial y Edificio Inteligente)<\/h1>\r\nNos complace anunciar que este a\u00f1o volveremos a <strong>estar presentes en Integrated Systems Europe (ISE)<\/strong> 2026, \u00a1en un espacio compartido con Cerasonar! El evento tendr\u00e1 lugar del <strong>3 al 6 de febrero de 2026<\/strong> en la Fira de Barcelona Gran Via de Barcelona, Espa\u00f1a\r\n\r\nISE 2026 confirma una vez m\u00e1s su <strong>centralidad para el mundo de las soluciones audiovisuales, de integraci\u00f3n de sistemas y de \"edificios inteligentes\",<\/strong> un punto de referencia esencial para <strong>profesionales, distribuidores y empresas del sector<\/strong>.\r\n\r\nEn esta edici\u00f3n, estaremos presentes en la zona <strong>Residential &amp; Smart Building<\/strong> (Pabellones 1 y 2), un \u00e1rea dise\u00f1ada para explorar las tecnolog\u00edas IoT, la automatizaci\u00f3n, la eficiencia energ\u00e9tica y la integraci\u00f3n AV para entornos inteligentes.[\/vc_wp_text]<\/div><\/div><\/div><\/div><\/section><section id=\"posizionare\" class=\"padding-two-tb sm-padding-two-tb xs-padding-two-tb\"><div class=\"container\"><div class=\"row\"><div class=\"wpb_column hcode-column-container vc_col-sm-12 col-xs-mobile-fullwidth\" data-front-class=\"col-xs-mobile-fullwidth\"><div class=\"vc-column-innner-wrapper\">[vc_wp_text]\r\n<h2><strong>Aqu\u00ed es donde nos encontrar\u00e1s: <\/strong>en el <i>\"Pabell\u00f3n 2 - Residencial y Edificios Inteligentes\".<\/i><\/h2>\r\n[\/vc_wp_text][vc_single_image image=\"78314\" img_size=\"800x473\" alignment=\"center\"][vc_wp_text]\r\n<h2><strong>M\u00e1s concretamente<\/strong><em> en el stand 2A550<\/em><\/h2>\r\n[\/vc_wp_text][vc_single_image image=\"78313\" img_size=\"676x400\" alignment=\"center\"]<\/div><\/div><\/div><\/div><\/section><section class=\"no-padding sm-no-padding xs-no-padding margin-0auto sm-margin-0auto xs-margin-0auto\"><div class=\"container\"><div class=\"row\"><div class=\"wpb_column hcode-column-container vc_col-sm-12 col-xs-mobile-fullwidth\" data-front-class=\"col-xs-mobile-fullwidth\"><div class=\"vc-column-innner-wrapper\">[vc_wp_text]\r\n<h1>\u00bfNos vemos en el ISE?<\/h1>\r\n\u00a1Te invitamos a visitarnos en nuestro <strong>stand<\/strong>!\u00a0No pierdas la oportunidad de formar parte de este extraordinario evento y descubrir lo que depara el <strong>futuro<\/strong> a la <strong>innovaci\u00f3n tecnol\u00f3gica<\/strong>.\r\n\r\n<strong>Reserva una reuni\u00f3n con nosotros<\/strong>:\r\n<a href=\"https:\/\/calendly.com\/garvan-ise2026\/30min\" target=\"_blank\" rel=\"noopener\">https:\/\/calendly.com\/garvan-ise2026\/30min<\/a>\r\n\r\n<strong>\u00bfNecesitas una entrada para el ISE?<\/strong> <a href=\"https:\/\/register.visitcloud.com\/survey\/0hztq4lbmv5rp?actioncode=ISE261544\" target=\"_blank\" rel=\"noopener\">Haz clic aqu\u00ed para registrarte gratis<\/a>[\/vc_wp_text]<\/div><\/div><\/div><\/div><\/section><section class=\"no-padding sm-no-padding xs-no-padding margin-0auto sm-margin-0auto xs-margin-0auto\"><div class=\"container\"><div class=\"row\"><div class=\"wpb_column hcode-column-container vc_col-sm-8 col-xs-mobile-fullwidth\" data-front-class=\"col-xs-mobile-fullwidth\"><div class=\"vc-column-innner-wrapper\">[vc_wp_text]\r\n<h1>Qu\u00e9 esperar de nuestro stand<\/h1>\r\nEn el stand <strong>2A550<\/strong> presentaremos una selecci\u00f3n de nuestras \u00faltimas soluciones de audio y ac\u00fastica, dise\u00f1adas para integrarse a la perfecci\u00f3n en entornos residenciales, hosteleros y de edificios inteligentes. Ser\u00e1 un punto de encuentro ideal para distribuidores, dise\u00f1adores e integradores de sistemas que busquen tecnolog\u00edas fiables, bellamente dise\u00f1adas y totalmente personalizables.\r\n\r\nLos visitantes podr\u00e1n:\r\n<ul>\r\n \t<li><strong>descubre lo \u00faltimo en<\/strong> nuestra gama de altavoces y sistemas ac\u00fasticos;<\/li>\r\n \t<li><strong>experimenta los nuevos materiales, acabados y personalizaciones<\/strong> introducidos este a\u00f1o;<\/li>\r\n \t<li><strong>Profundiza en<\/strong> temas como la instalaci\u00f3n, el DSP, la configuraci\u00f3n y la integraci\u00f3n en los principales ecosistemas inteligentes <strong>con nuestro equipo t\u00e9cnico<\/strong>;<\/li>\r\n \t<li>conoce a <strong>Melody <\/strong>, la nueva incorporaci\u00f3n al equipo.<\/li>\r\n<\/ul>\r\nNuestro objetivo es ofrecer un espacio donde puedas probar, escuchar y debatir soluciones concretas para proyectos de todas las escalas, desde finas instalaciones residenciales hasta grandes sistemas multisala.\r\n\r\n\u00a1Nos vemos en Barcelona![\/vc_wp_text]<\/div><\/div><div class=\"wpb_column hcode-column-container vc_col-sm-4 col-xs-mobile-fullwidth\" data-front-class=\"col-xs-mobile-fullwidth\"><div class=\"vc-column-innner-wrapper\">[vc_single_image image=\"78316\" img_size=\"full\" alignment=\"center\"]<\/div><\/div><\/div><\/div><\/section>","protected":false},"excerpt":{"rendered":"<p>[vc_single_image image=\u00bb73677&#8243; img_size=\u00bb700 \u00d7 224&#8243; alignment=\u00bbcenter\u00bb][vc_empty_space][vc_wp_text] Campus Completo &#8211; stand 2A550 (Residencial y Edificio Inteligente) Nos complace anunciar que este a\u00f1o volveremos a estar presentes en Integrated Systems Europe (ISE) 2026, \u00a1en un espacio compartido con Cerasonar! El evento tendr\u00e1 lugar del 3 al 6 de febrero de 2026 en la Fira de Barcelona Gran [&hellip;]<\/p>\n","protected":false},"author":11,"featured_media":65864,"comment_status":"open","ping_status":"open","sticky":false,"template":"","format":"image","meta":{"_joinchat":[],"footnotes":""},"categories":[1668,1666],"tags":[],"class_list":["post-78312","post","type-post","status-publish","format-image","has-post-thumbnail","hentry","category-eventos","category-news-lifestyle","post_format-post-format-image"],"yoast_head":"<!-- This site is optimized with the Yoast SEO Premium plugin v27.8 (Yoast SEO v27.8) - https:\/\/yoast.com\/product\/yoast-seo-premium-wordpress\/ -->\n<title>\u00danete a nosotros en ISE 2026 - Garvan staging website<\/title>\n<meta name=\"description\" content=\"\u00danete a Garvan Acoustic en ISE 2026. Descubre las novedades del sector audiovisual y de integraci\u00f3n de sistemas en la feria l\u00edder mundial.\" \/>\n<meta name=\"robots\" content=\"noindex, follow, max-snippet:-1, max-image-preview:large, max-video-preview:-1\" \/>\n<meta property=\"og:locale\" content=\"es_ES\" \/>\n<meta property=\"og:type\" content=\"article\" \/>\n<meta property=\"og:title\" content=\"\u00danete a nosotros en ISE 2026\" \/>\n<meta property=\"og:description\" content=\"\u00danete a Garvan Acoustic en ISE 2026. Descubre las novedades del sector audiovisual y de integraci\u00f3n de sistemas en la feria l\u00edder mundial.\" \/>\n<meta property=\"og:url\" content=\"https:\/\/staging.garvanacoustic.com\/es\/eventos\/unete-a-nosotros-en-ise-2026\/\" \/>\n<meta property=\"og:site_name\" content=\"Garvan staging website\" \/>\n<meta property=\"article:publisher\" content=\"https:\/\/www.facebook.com\/garvanacoustic\" \/>\n<meta property=\"article:published_time\" content=\"2025-12-15T16:11:10+00:00\" \/>\n<meta property=\"article:modified_time\" content=\"2026-01-16T14:24:39+00:00\" \/>\n<meta property=\"og:image\" content=\"https:\/\/staging.garvanacoustic.com\/wp-content\/uploads\/2024\/02\/Garvan@ISE.jpg\" \/>\n\t<meta property=\"og:image:width\" content=\"800\" \/>\n\t<meta property=\"og:image:height\" content=\"927\" \/>\n\t<meta property=\"og:image:type\" content=\"image\/jpeg\" \/>\n<meta name=\"author\" content=\"artigiano\" \/>\n<meta name=\"twitter:card\" content=\"summary_large_image\" \/>\n<meta name=\"twitter:label1\" content=\"Escrito por\" \/>\n\t<meta name=\"twitter:data1\" content=\"artigiano\" \/>\n\t<meta name=\"twitter:label2\" content=\"Tiempo de lectura\" \/>\n\t<meta name=\"twitter:data2\" content=\"4 minutos\" \/>\n<script type=\"application\/ld+json\" class=\"yoast-schema-graph\">{\"@context\":\"https:\\\/\\\/schema.org\",\"@graph\":[{\"@type\":\"Article\",\"@id\":\"https:\\\/\\\/staging.garvanacoustic.com\\\/es\\\/eventos\\\/unete-a-nosotros-en-ise-2026\\\/#article\",\"isPartOf\":{\"@id\":\"https:\\\/\\\/staging.garvanacoustic.com\\\/es\\\/eventos\\\/unete-a-nosotros-en-ise-2026\\\/\"},\"author\":{\"name\":\"artigiano\",\"@id\":\"https:\\\/\\\/staging.garvanacoustic.com\\\/es\\\/#\\\/schema\\\/person\\\/6ff430ebd72eb07e33862b57a3efd894\"},\"headline\":\"\u00danete a nosotros en ISE 2026\",\"datePublished\":\"2025-12-15T16:11:10+00:00\",\"dateModified\":\"2026-01-16T14:24:39+00:00\",\"mainEntityOfPage\":{\"@id\":\"https:\\\/\\\/staging.garvanacoustic.com\\\/es\\\/eventos\\\/unete-a-nosotros-en-ise-2026\\\/\"},\"wordCount\":569,\"commentCount\":0,\"publisher\":{\"@id\":\"https:\\\/\\\/staging.garvanacoustic.com\\\/es\\\/#organization\"},\"image\":{\"@id\":\"https:\\\/\\\/staging.garvanacoustic.com\\\/es\\\/eventos\\\/unete-a-nosotros-en-ise-2026\\\/#primaryimage\"},\"thumbnailUrl\":\"https:\\\/\\\/staging.garvanacoustic.com\\\/wp-content\\\/uploads\\\/2024\\\/02\\\/Garvan@ISE.jpg\",\"articleSection\":[\"Eventos\",\"News &amp; Lifestyle\"],\"inLanguage\":\"es\",\"potentialAction\":[{\"@type\":\"CommentAction\",\"name\":\"Comment\",\"target\":[\"https:\\\/\\\/staging.garvanacoustic.com\\\/es\\\/eventos\\\/unete-a-nosotros-en-ise-2026\\\/#respond\"]}]},{\"@type\":\"WebPage\",\"@id\":\"https:\\\/\\\/staging.garvanacoustic.com\\\/es\\\/eventos\\\/unete-a-nosotros-en-ise-2026\\\/\",\"url\":\"https:\\\/\\\/staging.garvanacoustic.com\\\/es\\\/eventos\\\/unete-a-nosotros-en-ise-2026\\\/\",\"name\":\"\u00danete a nosotros en ISE 2026 - Garvan staging website\",\"isPartOf\":{\"@id\":\"https:\\\/\\\/staging.garvanacoustic.com\\\/es\\\/#website\"},\"primaryImageOfPage\":{\"@id\":\"https:\\\/\\\/staging.garvanacoustic.com\\\/es\\\/eventos\\\/unete-a-nosotros-en-ise-2026\\\/#primaryimage\"},\"image\":{\"@id\":\"https:\\\/\\\/staging.garvanacoustic.com\\\/es\\\/eventos\\\/unete-a-nosotros-en-ise-2026\\\/#primaryimage\"},\"thumbnailUrl\":\"https:\\\/\\\/staging.garvanacoustic.com\\\/wp-content\\\/uploads\\\/2024\\\/02\\\/Garvan@ISE.jpg\",\"datePublished\":\"2025-12-15T16:11:10+00:00\",\"dateModified\":\"2026-01-16T14:24:39+00:00\",\"description\":\"\u00danete a Garvan Acoustic en ISE 2026. Descubre las novedades del sector audiovisual y de integraci\u00f3n de sistemas en la feria l\u00edder mundial.\",\"breadcrumb\":{\"@id\":\"https:\\\/\\\/staging.garvanacoustic.com\\\/es\\\/eventos\\\/unete-a-nosotros-en-ise-2026\\\/#breadcrumb\"},\"inLanguage\":\"es\",\"potentialAction\":[{\"@type\":\"ReadAction\",\"target\":[\"https:\\\/\\\/staging.garvanacoustic.com\\\/es\\\/eventos\\\/unete-a-nosotros-en-ise-2026\\\/\"]}]},{\"@type\":\"ImageObject\",\"inLanguage\":\"es\",\"@id\":\"https:\\\/\\\/staging.garvanacoustic.com\\\/es\\\/eventos\\\/unete-a-nosotros-en-ise-2026\\\/#primaryimage\",\"url\":\"https:\\\/\\\/staging.garvanacoustic.com\\\/wp-content\\\/uploads\\\/2024\\\/02\\\/Garvan@ISE.jpg\",\"contentUrl\":\"https:\\\/\\\/staging.garvanacoustic.com\\\/wp-content\\\/uploads\\\/2024\\\/02\\\/Garvan@ISE.jpg\",\"width\":800,\"height\":927},{\"@type\":\"BreadcrumbList\",\"@id\":\"https:\\\/\\\/staging.garvanacoustic.com\\\/es\\\/eventos\\\/unete-a-nosotros-en-ise-2026\\\/#breadcrumb\",\"itemListElement\":[{\"@type\":\"ListItem\",\"position\":1,\"name\":\"Home\",\"item\":\"https:\\\/\\\/staging.garvanacoustic.com\\\/es\\\/\"},{\"@type\":\"ListItem\",\"position\":2,\"name\":\"\u00danete a nosotros en ISE 2026\"}]},{\"@type\":\"WebSite\",\"@id\":\"https:\\\/\\\/staging.garvanacoustic.com\\\/es\\\/#website\",\"url\":\"https:\\\/\\\/staging.garvanacoustic.com\\\/es\\\/\",\"name\":\"Garvan Acoustic\",\"description\":\"Diffusori e trattamento acustico: scopri la qualit\u00e0 del Made in Italy\",\"publisher\":{\"@id\":\"https:\\\/\\\/staging.garvanacoustic.com\\\/es\\\/#organization\"},\"potentialAction\":[{\"@type\":\"SearchAction\",\"target\":{\"@type\":\"EntryPoint\",\"urlTemplate\":\"https:\\\/\\\/staging.garvanacoustic.com\\\/es\\\/?s={search_term_string}\"},\"query-input\":{\"@type\":\"PropertyValueSpecification\",\"valueRequired\":true,\"valueName\":\"search_term_string\"}}],\"inLanguage\":\"es\"},{\"@type\":\"Organization\",\"@id\":\"https:\\\/\\\/staging.garvanacoustic.com\\\/es\\\/#organization\",\"name\":\"Garvan Acoustic\",\"url\":\"https:\\\/\\\/staging.garvanacoustic.com\\\/es\\\/\",\"logo\":{\"@type\":\"ImageObject\",\"inLanguage\":\"es\",\"@id\":\"https:\\\/\\\/staging.garvanacoustic.com\\\/es\\\/#\\\/schema\\\/logo\\\/image\\\/\",\"url\":\"https:\\\/\\\/staging.garvanacoustic.com\\\/wp-content\\\/uploads\\\/2018\\\/07\\\/garvan-acoustic-logo.png\",\"contentUrl\":\"https:\\\/\\\/staging.garvanacoustic.com\\\/wp-content\\\/uploads\\\/2018\\\/07\\\/garvan-acoustic-logo.png\",\"width\":400,\"height\":161,\"caption\":\"Garvan Acoustic\"},\"image\":{\"@id\":\"https:\\\/\\\/staging.garvanacoustic.com\\\/es\\\/#\\\/schema\\\/logo\\\/image\\\/\"},\"sameAs\":[\"https:\\\/\\\/www.facebook.com\\\/garvanacoustic\",\"https:\\\/\\\/www.instagram.com\\\/garvanacoustic\\\/\"],\"description\":\"Produttori di Diffusori Acustici e Pannelli Fonoassorbenti Made in Italy\",\"email\":\"garvan@garvanacoustic.com\",\"telephone\":\"0546 682097\"},{\"@type\":\"Person\",\"@id\":\"https:\\\/\\\/staging.garvanacoustic.com\\\/es\\\/#\\\/schema\\\/person\\\/6ff430ebd72eb07e33862b57a3efd894\",\"name\":\"artigiano\",\"image\":{\"@type\":\"ImageObject\",\"inLanguage\":\"es\",\"@id\":\"https:\\\/\\\/secure.gravatar.com\\\/avatar\\\/435d84d0f64910211a3e5facb0097811767e6bf4e5c8988a895350929ecaa02a?s=96&d=mm&r=g\",\"url\":\"https:\\\/\\\/secure.gravatar.com\\\/avatar\\\/435d84d0f64910211a3e5facb0097811767e6bf4e5c8988a895350929ecaa02a?s=96&d=mm&r=g\",\"contentUrl\":\"https:\\\/\\\/secure.gravatar.com\\\/avatar\\\/435d84d0f64910211a3e5facb0097811767e6bf4e5c8988a895350929ecaa02a?s=96&d=mm&r=g\",\"caption\":\"artigiano\"},\"url\":\"https:\\\/\\\/staging.garvanacoustic.com\\\/es\\\/author\\\/artigianodigitale\\\/\"}]}<\/script>\n<!-- \/ Yoast SEO Premium plugin. -->","yoast_head_json":{"title":"\u00danete a nosotros en ISE 2026 - Garvan staging website","description":"\u00danete a Garvan Acoustic en ISE 2026. Descubre las novedades del sector audiovisual y de integraci\u00f3n de sistemas en la feria l\u00edder mundial.","robots":{"index":"noindex","follow":"follow","max-snippet":"max-snippet:-1","max-image-preview":"max-image-preview:large","max-video-preview":"max-video-preview:-1"},"og_locale":"es_ES","og_type":"article","og_title":"\u00danete a nosotros en ISE 2026","og_description":"\u00danete a Garvan Acoustic en ISE 2026. Descubre las novedades del sector audiovisual y de integraci\u00f3n de sistemas en la feria l\u00edder mundial.","og_url":"https:\/\/staging.garvanacoustic.com\/es\/eventos\/unete-a-nosotros-en-ise-2026\/","og_site_name":"Garvan staging website","article_publisher":"https:\/\/www.facebook.com\/garvanacoustic","article_published_time":"2025-12-15T16:11:10+00:00","article_modified_time":"2026-01-16T14:24:39+00:00","og_image":[{"width":800,"height":927,"url":"https:\/\/staging.garvanacoustic.com\/wp-content\/uploads\/2024\/02\/Garvan@ISE.jpg","type":"image\/jpeg"}],"author":"artigiano","twitter_card":"summary_large_image","twitter_misc":{"Escrito por":"artigiano","Tiempo de lectura":"4 minutos"},"schema":{"@context":"https:\/\/schema.org","@graph":[{"@type":"Article","@id":"https:\/\/staging.garvanacoustic.com\/es\/eventos\/unete-a-nosotros-en-ise-2026\/#article","isPartOf":{"@id":"https:\/\/staging.garvanacoustic.com\/es\/eventos\/unete-a-nosotros-en-ise-2026\/"},"author":{"name":"artigiano","@id":"https:\/\/staging.garvanacoustic.com\/es\/#\/schema\/person\/6ff430ebd72eb07e33862b57a3efd894"},"headline":"\u00danete a nosotros en ISE 2026","datePublished":"2025-12-15T16:11:10+00:00","dateModified":"2026-01-16T14:24:39+00:00","mainEntityOfPage":{"@id":"https:\/\/staging.garvanacoustic.com\/es\/eventos\/unete-a-nosotros-en-ise-2026\/"},"wordCount":569,"commentCount":0,"publisher":{"@id":"https:\/\/staging.garvanacoustic.com\/es\/#organization"},"image":{"@id":"https:\/\/staging.garvanacoustic.com\/es\/eventos\/unete-a-nosotros-en-ise-2026\/#primaryimage"},"thumbnailUrl":"https:\/\/staging.garvanacoustic.com\/wp-content\/uploads\/2024\/02\/Garvan@ISE.jpg","articleSection":["Eventos","News &amp; Lifestyle"],"inLanguage":"es","potentialAction":[{"@type":"CommentAction","name":"Comment","target":["https:\/\/staging.garvanacoustic.com\/es\/eventos\/unete-a-nosotros-en-ise-2026\/#respond"]}]},{"@type":"WebPage","@id":"https:\/\/staging.garvanacoustic.com\/es\/eventos\/unete-a-nosotros-en-ise-2026\/","url":"https:\/\/staging.garvanacoustic.com\/es\/eventos\/unete-a-nosotros-en-ise-2026\/","name":"\u00danete a nosotros en ISE 2026 - Garvan staging website","isPartOf":{"@id":"https:\/\/staging.garvanacoustic.com\/es\/#website"},"primaryImageOfPage":{"@id":"https:\/\/staging.garvanacoustic.com\/es\/eventos\/unete-a-nosotros-en-ise-2026\/#primaryimage"},"image":{"@id":"https:\/\/staging.garvanacoustic.com\/es\/eventos\/unete-a-nosotros-en-ise-2026\/#primaryimage"},"thumbnailUrl":"https:\/\/staging.garvanacoustic.com\/wp-content\/uploads\/2024\/02\/Garvan@ISE.jpg","datePublished":"2025-12-15T16:11:10+00:00","dateModified":"2026-01-16T14:24:39+00:00","description":"\u00danete a Garvan Acoustic en ISE 2026. Descubre las novedades del sector audiovisual y de integraci\u00f3n de sistemas en la feria l\u00edder mundial.","breadcrumb":{"@id":"https:\/\/staging.garvanacoustic.com\/es\/eventos\/unete-a-nosotros-en-ise-2026\/#breadcrumb"},"inLanguage":"es","potentialAction":[{"@type":"ReadAction","target":["https:\/\/staging.garvanacoustic.com\/es\/eventos\/unete-a-nosotros-en-ise-2026\/"]}]},{"@type":"ImageObject","inLanguage":"es","@id":"https:\/\/staging.garvanacoustic.com\/es\/eventos\/unete-a-nosotros-en-ise-2026\/#primaryimage","url":"https:\/\/staging.garvanacoustic.com\/wp-content\/uploads\/2024\/02\/Garvan@ISE.jpg","contentUrl":"https:\/\/staging.garvanacoustic.com\/wp-content\/uploads\/2024\/02\/Garvan@ISE.jpg","width":800,"height":927},{"@type":"BreadcrumbList","@id":"https:\/\/staging.garvanacoustic.com\/es\/eventos\/unete-a-nosotros-en-ise-2026\/#breadcrumb","itemListElement":[{"@type":"ListItem","position":1,"name":"Home","item":"https:\/\/staging.garvanacoustic.com\/es\/"},{"@type":"ListItem","position":2,"name":"\u00danete a nosotros en ISE 2026"}]},{"@type":"WebSite","@id":"https:\/\/staging.garvanacoustic.com\/es\/#website","url":"https:\/\/staging.garvanacoustic.com\/es\/","name":"Garvan Acoustic","description":"Diffusori e trattamento acustico: scopri la qualit\u00e0 del Made in Italy","publisher":{"@id":"https:\/\/staging.garvanacoustic.com\/es\/#organization"},"potentialAction":[{"@type":"SearchAction","target":{"@type":"EntryPoint","urlTemplate":"https:\/\/staging.garvanacoustic.com\/es\/?s={search_term_string}"},"query-input":{"@type":"PropertyValueSpecification","valueRequired":true,"valueName":"search_term_string"}}],"inLanguage":"es"},{"@type":"Organization","@id":"https:\/\/staging.garvanacoustic.com\/es\/#organization","name":"Garvan Acoustic","url":"https:\/\/staging.garvanacoustic.com\/es\/","logo":{"@type":"ImageObject","inLanguage":"es","@id":"https:\/\/staging.garvanacoustic.com\/es\/#\/schema\/logo\/image\/","url":"https:\/\/staging.garvanacoustic.com\/wp-content\/uploads\/2018\/07\/garvan-acoustic-logo.png","contentUrl":"https:\/\/staging.garvanacoustic.com\/wp-content\/uploads\/2018\/07\/garvan-acoustic-logo.png","width":400,"height":161,"caption":"Garvan Acoustic"},"image":{"@id":"https:\/\/staging.garvanacoustic.com\/es\/#\/schema\/logo\/image\/"},"sameAs":["https:\/\/www.facebook.com\/garvanacoustic","https:\/\/www.instagram.com\/garvanacoustic\/"],"description":"Produttori di Diffusori Acustici e Pannelli Fonoassorbenti Made in Italy","email":"garvan@garvanacoustic.com","telephone":"0546 682097"},{"@type":"Person","@id":"https:\/\/staging.garvanacoustic.com\/es\/#\/schema\/person\/6ff430ebd72eb07e33862b57a3efd894","name":"artigiano","image":{"@type":"ImageObject","inLanguage":"es","@id":"https:\/\/secure.gravatar.com\/avatar\/435d84d0f64910211a3e5facb0097811767e6bf4e5c8988a895350929ecaa02a?s=96&d=mm&r=g","url":"https:\/\/secure.gravatar.com\/avatar\/435d84d0f64910211a3e5facb0097811767e6bf4e5c8988a895350929ecaa02a?s=96&d=mm&r=g","contentUrl":"https:\/\/secure.gravatar.com\/avatar\/435d84d0f64910211a3e5facb0097811767e6bf4e5c8988a895350929ecaa02a?s=96&d=mm&r=g","caption":"artigiano"},"url":"https:\/\/staging.garvanacoustic.com\/es\/author\/artigianodigitale\/"}]}},"_links":{"self":[{"href":"https:\/\/staging.garvanacoustic.com\/es\/wp-json\/wp\/v2\/posts\/78312","targetHints":{"allow":["GET"]}}],"collection":[{"href":"https:\/\/staging.garvanacoustic.com\/es\/wp-json\/wp\/v2\/posts"}],"about":[{"href":"https:\/\/staging.garvanacoustic.com\/es\/wp-json\/wp\/v2\/types\/post"}],"author":[{"embeddable":true,"href":"https:\/\/staging.garvanacoustic.com\/es\/wp-json\/wp\/v2\/users\/11"}],"replies":[{"embeddable":true,"href":"https:\/\/staging.garvanacoustic.com\/es\/wp-json\/wp\/v2\/comments?post=78312"}],"version-history":[{"count":13,"href":"https:\/\/staging.garvanacoustic.com\/es\/wp-json\/wp\/v2\/posts\/78312\/revisions"}],"predecessor-version":[{"id":78735,"href":"https:\/\/staging.garvanacoustic.com\/es\/wp-json\/wp\/v2\/posts\/78312\/revisions\/78735"}],"wp:featuredmedia":[{"embeddable":true,"href":"https:\/\/staging.garvanacoustic.com\/es\/wp-json\/wp\/v2\/media\/65864"}],"wp:attachment":[{"href":"https:\/\/staging.garvanacoustic.com\/es\/wp-json\/wp\/v2\/media?parent=78312"}],"wp:term":[{"taxonomy":"category","embeddable":true,"href":"https:\/\/staging.garvanacoustic.com\/es\/wp-json\/wp\/v2\/categories?post=78312"},{"taxonomy":"post_tag","embeddable":true,"href":"https:\/\/staging.garvanacoustic.com\/es\/wp-json\/wp\/v2\/tags?post=78312"}],"curies":[{"name":"wp","href":"https:\/\/api.w.org\/{rel}","templated":true}]}}