{"id":65955,"date":"2024-02-06T11:46:27","date_gmt":"2024-02-06T10:46:27","guid":{"rendered":"https:\/\/staging.garvanacoustic.com\/sin-categorizar\/cafe-des-artistes\/"},"modified":"2024-02-06T12:00:18","modified_gmt":"2024-02-06T11:00:18","slug":"cafe-des-artistes","status":"publish","type":"post","link":"https:\/\/staging.garvanacoustic.com\/es\/referencias\/cafe-des-artistes\/","title":{"rendered":"Caf\u00e9 Des Artistes"},"content":{"rendered":"<section><div class=\"container\"><div class=\"row\"><div class=\"wpb_column hcode-column-container vc_col-sm-12 col-xs-mobile-fullwidth\" data-front-class=\"col-xs-mobile-fullwidth\"><div class=\"vc-column-innner-wrapper\"><p>Dise\u00f1o minimalista para un espacio innovador y contempor\u00e1neo donde la arquitectura se une al dise\u00f1o. La obra mural del artista Millo combina corten, hierro y vidrio en un juego de luz y color.<\/p>\n<p>Altavoces ac\u00fasticos empotrados Garvan - Instalaci\u00f3n del sistema de sonido por Dimensione Suono di Mauro Di Diomede (Teramo) - Dise\u00f1o arquitect\u00f3nico: Arch. Alejandro Bozzi (A+Studio).<\/p>\n[vc_media_grid element_width=\"6\" grid_id=\"vc_gid:1540910928277-f5930de3-6174-8\" include=\"21853,21854,21855,21856\"]<\/div><\/div><\/div><\/div><\/section>","protected":false},"excerpt":{"rendered":"<p>Dise\u00f1o minimalista para un espacio innovador y contempor\u00e1neo donde la arquitectura se une al dise\u00f1o. La obra mural del artista Millo combina corten, hierro y vidrio en un juego de luz y color. Altavoces ac\u00fasticos empotrados Garvan &#8211; Instalaci\u00f3n del sistema de sonido por Dimensione Suono di Mauro Di Diomede (Teramo) &#8211; Dise\u00f1o arquitect\u00f3nico: Arch. [&hellip;]<\/p>\n","protected":false},"author":6,"featured_media":22042,"comment_status":"open","ping_status":"open","sticky":false,"template":"","format":"standard","meta":{"_joinchat":[],"footnotes":""},"categories":[1680,1662],"tags":[],"class_list":["post-65955","post","type-post","status-publish","format-standard","has-post-thumbnail","hentry","category-bares-restaurantes","category-referencias"],"yoast_head":"<!-- This site is optimized with the Yoast SEO Premium plugin v27.8 (Yoast SEO v27.8) - https:\/\/yoast.com\/product\/yoast-seo-premium-wordpress\/ -->\n<title>Caf\u00e9 Des Artistes - Garvan staging website<\/title>\n<meta name=\"robots\" content=\"noindex, follow, max-snippet:-1, max-image-preview:large, max-video-preview:-1\" \/>\n<meta property=\"og:locale\" content=\"es_ES\" \/>\n<meta property=\"og:type\" content=\"article\" \/>\n<meta property=\"og:title\" content=\"Caf\u00e9 Des Artistes\" \/>\n<meta property=\"og:description\" content=\"Dise\u00f1o minimalista para un espacio innovador y contempor\u00e1neo donde la arquitectura se une al dise\u00f1o. La obra mural del artista Millo combina corten, hierro y vidrio en un juego de luz y color. Altavoces ac\u00fasticos empotrados Garvan - Instalaci\u00f3n del sistema de sonido por Dimensione Suono di Mauro Di Diomede (Teramo) - Dise\u00f1o arquitect\u00f3nico: Arch. [&hellip;]\" \/>\n<meta property=\"og:url\" content=\"https:\/\/staging.garvanacoustic.com\/es\/referencias\/cafe-des-artistes\/\" \/>\n<meta property=\"og:site_name\" content=\"Garvan staging website\" \/>\n<meta property=\"article:publisher\" content=\"https:\/\/www.facebook.com\/garvanacoustic\" \/>\n<meta property=\"article:published_time\" content=\"2024-02-06T10:46:27+00:00\" \/>\n<meta property=\"article:modified_time\" content=\"2024-02-06T11:00:18+00:00\" \/>\n<meta property=\"og:image\" content=\"https:\/\/staging.garvanacoustic.com\/wp-content\/uploads\/2018\/11\/Des-Artistes-Cafe.jpg\" \/>\n\t<meta property=\"og:image:width\" content=\"760\" \/>\n\t<meta property=\"og:image:height\" content=\"570\" \/>\n\t<meta property=\"og:image:type\" content=\"image\/jpeg\" \/>\n<meta name=\"author\" content=\"garvan_editor\" \/>\n<meta name=\"twitter:card\" content=\"summary_large_image\" \/>\n<meta name=\"twitter:label1\" content=\"Escrito por\" \/>\n\t<meta name=\"twitter:data1\" content=\"garvan_editor\" \/>\n<script type=\"application\/ld+json\" class=\"yoast-schema-graph\">{\"@context\":\"https:\\\/\\\/schema.org\",\"@graph\":[{\"@type\":\"Article\",\"@id\":\"https:\\\/\\\/staging.garvanacoustic.com\\\/es\\\/referencias\\\/cafe-des-artistes\\\/#article\",\"isPartOf\":{\"@id\":\"https:\\\/\\\/staging.garvanacoustic.com\\\/es\\\/referencias\\\/cafe-des-artistes\\\/\"},\"author\":{\"name\":\"garvan_editor\",\"@id\":\"https:\\\/\\\/staging.garvanacoustic.com\\\/es\\\/#\\\/schema\\\/person\\\/09727156b8cb00892d1258442a3c907d\"},\"headline\":\"Caf\u00e9 Des Artistes\",\"datePublished\":\"2024-02-06T10:46:27+00:00\",\"dateModified\":\"2024-02-06T11:00:18+00:00\",\"mainEntityOfPage\":{\"@id\":\"https:\\\/\\\/staging.garvanacoustic.com\\\/es\\\/referencias\\\/cafe-des-artistes\\\/\"},\"wordCount\":98,\"commentCount\":0,\"publisher\":{\"@id\":\"https:\\\/\\\/staging.garvanacoustic.com\\\/es\\\/#organization\"},\"image\":{\"@id\":\"https:\\\/\\\/staging.garvanacoustic.com\\\/es\\\/referencias\\\/cafe-des-artistes\\\/#primaryimage\"},\"thumbnailUrl\":\"https:\\\/\\\/staging.garvanacoustic.com\\\/wp-content\\\/uploads\\\/2018\\\/11\\\/Des-Artistes-Cafe.jpg\",\"articleSection\":[\"Bares - restaurantes\",\"Referencias\"],\"inLanguage\":\"es\",\"potentialAction\":[{\"@type\":\"CommentAction\",\"name\":\"Comment\",\"target\":[\"https:\\\/\\\/staging.garvanacoustic.com\\\/es\\\/referencias\\\/cafe-des-artistes\\\/#respond\"]}]},{\"@type\":\"WebPage\",\"@id\":\"https:\\\/\\\/staging.garvanacoustic.com\\\/es\\\/referencias\\\/cafe-des-artistes\\\/\",\"url\":\"https:\\\/\\\/staging.garvanacoustic.com\\\/es\\\/referencias\\\/cafe-des-artistes\\\/\",\"name\":\"Caf\u00e9 Des Artistes - Garvan staging website\",\"isPartOf\":{\"@id\":\"https:\\\/\\\/staging.garvanacoustic.com\\\/es\\\/#website\"},\"primaryImageOfPage\":{\"@id\":\"https:\\\/\\\/staging.garvanacoustic.com\\\/es\\\/referencias\\\/cafe-des-artistes\\\/#primaryimage\"},\"image\":{\"@id\":\"https:\\\/\\\/staging.garvanacoustic.com\\\/es\\\/referencias\\\/cafe-des-artistes\\\/#primaryimage\"},\"thumbnailUrl\":\"https:\\\/\\\/staging.garvanacoustic.com\\\/wp-content\\\/uploads\\\/2018\\\/11\\\/Des-Artistes-Cafe.jpg\",\"datePublished\":\"2024-02-06T10:46:27+00:00\",\"dateModified\":\"2024-02-06T11:00:18+00:00\",\"breadcrumb\":{\"@id\":\"https:\\\/\\\/staging.garvanacoustic.com\\\/es\\\/referencias\\\/cafe-des-artistes\\\/#breadcrumb\"},\"inLanguage\":\"es\",\"potentialAction\":[{\"@type\":\"ReadAction\",\"target\":[\"https:\\\/\\\/staging.garvanacoustic.com\\\/es\\\/referencias\\\/cafe-des-artistes\\\/\"]}]},{\"@type\":\"ImageObject\",\"inLanguage\":\"es\",\"@id\":\"https:\\\/\\\/staging.garvanacoustic.com\\\/es\\\/referencias\\\/cafe-des-artistes\\\/#primaryimage\",\"url\":\"https:\\\/\\\/staging.garvanacoustic.com\\\/wp-content\\\/uploads\\\/2018\\\/11\\\/Des-Artistes-Cafe.jpg\",\"contentUrl\":\"https:\\\/\\\/staging.garvanacoustic.com\\\/wp-content\\\/uploads\\\/2018\\\/11\\\/Des-Artistes-Cafe.jpg\",\"width\":760,\"height\":570},{\"@type\":\"BreadcrumbList\",\"@id\":\"https:\\\/\\\/staging.garvanacoustic.com\\\/es\\\/referencias\\\/cafe-des-artistes\\\/#breadcrumb\",\"itemListElement\":[{\"@type\":\"ListItem\",\"position\":1,\"name\":\"Home\",\"item\":\"https:\\\/\\\/staging.garvanacoustic.com\\\/es\\\/\"},{\"@type\":\"ListItem\",\"position\":2,\"name\":\"Caf\u00e9 Des Artistes\"}]},{\"@type\":\"WebSite\",\"@id\":\"https:\\\/\\\/staging.garvanacoustic.com\\\/es\\\/#website\",\"url\":\"https:\\\/\\\/staging.garvanacoustic.com\\\/es\\\/\",\"name\":\"Garvan Acoustic\",\"description\":\"Diffusori e trattamento acustico: scopri la qualit\u00e0 del Made in Italy\",\"publisher\":{\"@id\":\"https:\\\/\\\/staging.garvanacoustic.com\\\/es\\\/#organization\"},\"potentialAction\":[{\"@type\":\"SearchAction\",\"target\":{\"@type\":\"EntryPoint\",\"urlTemplate\":\"https:\\\/\\\/staging.garvanacoustic.com\\\/es\\\/?s={search_term_string}\"},\"query-input\":{\"@type\":\"PropertyValueSpecification\",\"valueRequired\":true,\"valueName\":\"search_term_string\"}}],\"inLanguage\":\"es\"},{\"@type\":\"Organization\",\"@id\":\"https:\\\/\\\/staging.garvanacoustic.com\\\/es\\\/#organization\",\"name\":\"Garvan Acoustic\",\"url\":\"https:\\\/\\\/staging.garvanacoustic.com\\\/es\\\/\",\"logo\":{\"@type\":\"ImageObject\",\"inLanguage\":\"es\",\"@id\":\"https:\\\/\\\/staging.garvanacoustic.com\\\/es\\\/#\\\/schema\\\/logo\\\/image\\\/\",\"url\":\"https:\\\/\\\/staging.garvanacoustic.com\\\/wp-content\\\/uploads\\\/2018\\\/07\\\/garvan-acoustic-logo.png\",\"contentUrl\":\"https:\\\/\\\/staging.garvanacoustic.com\\\/wp-content\\\/uploads\\\/2018\\\/07\\\/garvan-acoustic-logo.png\",\"width\":400,\"height\":161,\"caption\":\"Garvan Acoustic\"},\"image\":{\"@id\":\"https:\\\/\\\/staging.garvanacoustic.com\\\/es\\\/#\\\/schema\\\/logo\\\/image\\\/\"},\"sameAs\":[\"https:\\\/\\\/www.facebook.com\\\/garvanacoustic\",\"https:\\\/\\\/www.instagram.com\\\/garvanacoustic\\\/\"],\"description\":\"Produttori di Diffusori Acustici e Pannelli Fonoassorbenti Made in Italy\",\"email\":\"garvan@garvanacoustic.com\",\"telephone\":\"0546 682097\"},{\"@type\":\"Person\",\"@id\":\"https:\\\/\\\/staging.garvanacoustic.com\\\/es\\\/#\\\/schema\\\/person\\\/09727156b8cb00892d1258442a3c907d\",\"name\":\"garvan_editor\",\"image\":{\"@type\":\"ImageObject\",\"inLanguage\":\"es\",\"@id\":\"https:\\\/\\\/secure.gravatar.com\\\/avatar\\\/e9162e14491fbe40c8b8f258b3dcc580abbd812dd4769ec35a2771dab4442bd3?s=96&d=mm&r=g\",\"url\":\"https:\\\/\\\/secure.gravatar.com\\\/avatar\\\/e9162e14491fbe40c8b8f258b3dcc580abbd812dd4769ec35a2771dab4442bd3?s=96&d=mm&r=g\",\"contentUrl\":\"https:\\\/\\\/secure.gravatar.com\\\/avatar\\\/e9162e14491fbe40c8b8f258b3dcc580abbd812dd4769ec35a2771dab4442bd3?s=96&d=mm&r=g\",\"caption\":\"garvan_editor\"},\"url\":\"https:\\\/\\\/staging.garvanacoustic.com\\\/es\\\/author\\\/garvan_editor\\\/\"}]}<\/script>\n<!-- \/ Yoast SEO Premium plugin. -->","yoast_head_json":{"title":"Caf\u00e9 Des Artistes - Garvan staging website","robots":{"index":"noindex","follow":"follow","max-snippet":"max-snippet:-1","max-image-preview":"max-image-preview:large","max-video-preview":"max-video-preview:-1"},"og_locale":"es_ES","og_type":"article","og_title":"Caf\u00e9 Des Artistes","og_description":"Dise\u00f1o minimalista para un espacio innovador y contempor\u00e1neo donde la arquitectura se une al dise\u00f1o. La obra mural del artista Millo combina corten, hierro y vidrio en un juego de luz y color. Altavoces ac\u00fasticos empotrados Garvan - Instalaci\u00f3n del sistema de sonido por Dimensione Suono di Mauro Di Diomede (Teramo) - Dise\u00f1o arquitect\u00f3nico: Arch. [&hellip;]","og_url":"https:\/\/staging.garvanacoustic.com\/es\/referencias\/cafe-des-artistes\/","og_site_name":"Garvan staging website","article_publisher":"https:\/\/www.facebook.com\/garvanacoustic","article_published_time":"2024-02-06T10:46:27+00:00","article_modified_time":"2024-02-06T11:00:18+00:00","og_image":[{"width":760,"height":570,"url":"https:\/\/staging.garvanacoustic.com\/wp-content\/uploads\/2018\/11\/Des-Artistes-Cafe.jpg","type":"image\/jpeg"}],"author":"garvan_editor","twitter_card":"summary_large_image","twitter_misc":{"Escrito por":"garvan_editor"},"schema":{"@context":"https:\/\/schema.org","@graph":[{"@type":"Article","@id":"https:\/\/staging.garvanacoustic.com\/es\/referencias\/cafe-des-artistes\/#article","isPartOf":{"@id":"https:\/\/staging.garvanacoustic.com\/es\/referencias\/cafe-des-artistes\/"},"author":{"name":"garvan_editor","@id":"https:\/\/staging.garvanacoustic.com\/es\/#\/schema\/person\/09727156b8cb00892d1258442a3c907d"},"headline":"Caf\u00e9 Des Artistes","datePublished":"2024-02-06T10:46:27+00:00","dateModified":"2024-02-06T11:00:18+00:00","mainEntityOfPage":{"@id":"https:\/\/staging.garvanacoustic.com\/es\/referencias\/cafe-des-artistes\/"},"wordCount":98,"commentCount":0,"publisher":{"@id":"https:\/\/staging.garvanacoustic.com\/es\/#organization"},"image":{"@id":"https:\/\/staging.garvanacoustic.com\/es\/referencias\/cafe-des-artistes\/#primaryimage"},"thumbnailUrl":"https:\/\/staging.garvanacoustic.com\/wp-content\/uploads\/2018\/11\/Des-Artistes-Cafe.jpg","articleSection":["Bares - restaurantes","Referencias"],"inLanguage":"es","potentialAction":[{"@type":"CommentAction","name":"Comment","target":["https:\/\/staging.garvanacoustic.com\/es\/referencias\/cafe-des-artistes\/#respond"]}]},{"@type":"WebPage","@id":"https:\/\/staging.garvanacoustic.com\/es\/referencias\/cafe-des-artistes\/","url":"https:\/\/staging.garvanacoustic.com\/es\/referencias\/cafe-des-artistes\/","name":"Caf\u00e9 Des Artistes - Garvan staging website","isPartOf":{"@id":"https:\/\/staging.garvanacoustic.com\/es\/#website"},"primaryImageOfPage":{"@id":"https:\/\/staging.garvanacoustic.com\/es\/referencias\/cafe-des-artistes\/#primaryimage"},"image":{"@id":"https:\/\/staging.garvanacoustic.com\/es\/referencias\/cafe-des-artistes\/#primaryimage"},"thumbnailUrl":"https:\/\/staging.garvanacoustic.com\/wp-content\/uploads\/2018\/11\/Des-Artistes-Cafe.jpg","datePublished":"2024-02-06T10:46:27+00:00","dateModified":"2024-02-06T11:00:18+00:00","breadcrumb":{"@id":"https:\/\/staging.garvanacoustic.com\/es\/referencias\/cafe-des-artistes\/#breadcrumb"},"inLanguage":"es","potentialAction":[{"@type":"ReadAction","target":["https:\/\/staging.garvanacoustic.com\/es\/referencias\/cafe-des-artistes\/"]}]},{"@type":"ImageObject","inLanguage":"es","@id":"https:\/\/staging.garvanacoustic.com\/es\/referencias\/cafe-des-artistes\/#primaryimage","url":"https:\/\/staging.garvanacoustic.com\/wp-content\/uploads\/2018\/11\/Des-Artistes-Cafe.jpg","contentUrl":"https:\/\/staging.garvanacoustic.com\/wp-content\/uploads\/2018\/11\/Des-Artistes-Cafe.jpg","width":760,"height":570},{"@type":"BreadcrumbList","@id":"https:\/\/staging.garvanacoustic.com\/es\/referencias\/cafe-des-artistes\/#breadcrumb","itemListElement":[{"@type":"ListItem","position":1,"name":"Home","item":"https:\/\/staging.garvanacoustic.com\/es\/"},{"@type":"ListItem","position":2,"name":"Caf\u00e9 Des Artistes"}]},{"@type":"WebSite","@id":"https:\/\/staging.garvanacoustic.com\/es\/#website","url":"https:\/\/staging.garvanacoustic.com\/es\/","name":"Garvan Acoustic","description":"Diffusori e trattamento acustico: scopri la qualit\u00e0 del Made in Italy","publisher":{"@id":"https:\/\/staging.garvanacoustic.com\/es\/#organization"},"potentialAction":[{"@type":"SearchAction","target":{"@type":"EntryPoint","urlTemplate":"https:\/\/staging.garvanacoustic.com\/es\/?s={search_term_string}"},"query-input":{"@type":"PropertyValueSpecification","valueRequired":true,"valueName":"search_term_string"}}],"inLanguage":"es"},{"@type":"Organization","@id":"https:\/\/staging.garvanacoustic.com\/es\/#organization","name":"Garvan Acoustic","url":"https:\/\/staging.garvanacoustic.com\/es\/","logo":{"@type":"ImageObject","inLanguage":"es","@id":"https:\/\/staging.garvanacoustic.com\/es\/#\/schema\/logo\/image\/","url":"https:\/\/staging.garvanacoustic.com\/wp-content\/uploads\/2018\/07\/garvan-acoustic-logo.png","contentUrl":"https:\/\/staging.garvanacoustic.com\/wp-content\/uploads\/2018\/07\/garvan-acoustic-logo.png","width":400,"height":161,"caption":"Garvan Acoustic"},"image":{"@id":"https:\/\/staging.garvanacoustic.com\/es\/#\/schema\/logo\/image\/"},"sameAs":["https:\/\/www.facebook.com\/garvanacoustic","https:\/\/www.instagram.com\/garvanacoustic\/"],"description":"Produttori di Diffusori Acustici e Pannelli Fonoassorbenti Made in Italy","email":"garvan@garvanacoustic.com","telephone":"0546 682097"},{"@type":"Person","@id":"https:\/\/staging.garvanacoustic.com\/es\/#\/schema\/person\/09727156b8cb00892d1258442a3c907d","name":"garvan_editor","image":{"@type":"ImageObject","inLanguage":"es","@id":"https:\/\/secure.gravatar.com\/avatar\/e9162e14491fbe40c8b8f258b3dcc580abbd812dd4769ec35a2771dab4442bd3?s=96&d=mm&r=g","url":"https:\/\/secure.gravatar.com\/avatar\/e9162e14491fbe40c8b8f258b3dcc580abbd812dd4769ec35a2771dab4442bd3?s=96&d=mm&r=g","contentUrl":"https:\/\/secure.gravatar.com\/avatar\/e9162e14491fbe40c8b8f258b3dcc580abbd812dd4769ec35a2771dab4442bd3?s=96&d=mm&r=g","caption":"garvan_editor"},"url":"https:\/\/staging.garvanacoustic.com\/es\/author\/garvan_editor\/"}]}},"_links":{"self":[{"href":"https:\/\/staging.garvanacoustic.com\/es\/wp-json\/wp\/v2\/posts\/65955","targetHints":{"allow":["GET"]}}],"collection":[{"href":"https:\/\/staging.garvanacoustic.com\/es\/wp-json\/wp\/v2\/posts"}],"about":[{"href":"https:\/\/staging.garvanacoustic.com\/es\/wp-json\/wp\/v2\/types\/post"}],"author":[{"embeddable":true,"href":"https:\/\/staging.garvanacoustic.com\/es\/wp-json\/wp\/v2\/users\/6"}],"replies":[{"embeddable":true,"href":"https:\/\/staging.garvanacoustic.com\/es\/wp-json\/wp\/v2\/comments?post=65955"}],"version-history":[{"count":5,"href":"https:\/\/staging.garvanacoustic.com\/es\/wp-json\/wp\/v2\/posts\/65955\/revisions"}],"predecessor-version":[{"id":65996,"href":"https:\/\/staging.garvanacoustic.com\/es\/wp-json\/wp\/v2\/posts\/65955\/revisions\/65996"}],"wp:featuredmedia":[{"embeddable":true,"href":"https:\/\/staging.garvanacoustic.com\/es\/wp-json\/wp\/v2\/media\/22042"}],"wp:attachment":[{"href":"https:\/\/staging.garvanacoustic.com\/es\/wp-json\/wp\/v2\/media?parent=65955"}],"wp:term":[{"taxonomy":"category","embeddable":true,"href":"https:\/\/staging.garvanacoustic.com\/es\/wp-json\/wp\/v2\/categories?post=65955"},{"taxonomy":"post_tag","embeddable":true,"href":"https:\/\/staging.garvanacoustic.com\/es\/wp-json\/wp\/v2\/tags?post=65955"}],"curies":[{"name":"wp","href":"https:\/\/api.w.org\/{rel}","templated":true}]}}